{"id":1266,"date":"2018-06-07T09:03:23","date_gmt":"2018-06-07T08:03:23","guid":{"rendered":"https:\/\/www.transzportstudium.hu\/blog\/?p=1266"},"modified":"2018-06-24T12:34:36","modified_gmt":"2018-06-24T11:34:36","slug":"targoncavezeto-tanfolyam-budapesten","status":"publish","type":"post","link":"https:\/\/www.transzportstudium.hu\/blog\/2018\/06\/07\/targoncavezeto-tanfolyam-budapesten\/","title":{"rendered":"Targoncavezet\u0151 tanfolyam Budapesten!"},"content":{"rendered":"<p>\u00c9vek \u00f3ta folyamatosan t\u00e9ma a sajt\u00f3ban, hogy mennyire keresett szakma a <a href=\"\/tanfolyamok\/okj-s-gepkezeloi-tanfolyamok\/45_okj-s-targoncavezeto-egy-gepcsoportra\">targoncavezet\u0151<\/a>. Ennek a legf\u0151bb oka, hogy ahogyan n\u00f6vekszik a gazdas\u00e1g, annyira n\u00f6vekszik a logisztika is mint \u00e1gazat, a rakt\u00e1roz\u00e1shoz pedig, az \u00e1ru ki \u00e9s bepakol\u00e1s\u00e1hoz, elengedhetetlen a targoncavezet\u0151k alkalmaz\u00e1sa.<\/p>\n<div id=\"attachment_1267\" style=\"width: 1034px\" class=\"wp-caption aligncenter\"><img loading=\"lazy\" decoding=\"async\" aria-describedby=\"caption-attachment-1267\" class=\"size-full wp-image-1267\" src=\"https:\/\/www.transzportstudium.hu\/blog\/wp-content\/uploads\/2018\/06\/Transport_31-e1529838309457.jpg\" alt=\"Targoncavezet\u0151 tanfolyam Budapesten!\" width=\"1024\" height=\"362\" \/><p id=\"caption-attachment-1267\" class=\"wp-caption-text\">Targoncavezet\u0151 tanfolyam Budapesten!<\/p><\/div>\n<p>Az is besz\u00e9des, hogy k\u00f6r\u00fclbel\u00fcl m\u00e1sf\u00e9lszeres\u00e9re n\u0151tt a szakm\u00e1ban dolgoz\u00f3k b\u00e9rez\u00e9se 2011-t\u0151l mostan\u00e1ig, ami ugyancsak kedvez a <a href=\"\/tanfolyamok\/okj-s-gepkezeloi-tanfolyamok\/45_okj-s-targoncavezeto-egy-gepcsoportra\">targoncavezet\u0151 tanfolyamoknak<\/a> Budapesten. Egyre t\u00f6bb k\u00e9pz\u00e9s indul \u00e9s egyre t\u00f6bben jelentkeznek is r\u00e1. Ennek az\u00e9rt, ha a sz\u00edv\u00fcnkbe n\u00e9z\u00fcnk, nem csak gazdas\u00e1gi okai vannak, a targonca, pontosabban a targoncavezet\u00e9s eg\u00e9szen k\u00fcl\u00f6nleges helyet foglal el a szakm\u00e1k sokas\u00e1g\u00e1ban, mivel a gyermekkorban az ember vagy targoncavezet\u0151 akart lenni vagy t\u0171zolt\u00f3. Az az igazs\u00e1g, hogy sokunkban ez feln\u0151ttkorban sem v\u00e1ltozott, csak nem sz\u00edvesen valljuk be a nagyk\u00f6z\u00f6ns\u00e9g el\u0151tt, pedig egyszer\u0171en j\u00f3 targonc\u00e1t vezeti. Targoncavezet\u0151 tanfolyamra Budapesten nem ritk\u00e1n fels\u0151vezet\u0151k jelentkeznek, vagy olyan tehet\u0151s emberek, akik hobbib\u00f3l, csup\u00e1n a targoncavezet\u00e9s kedv\u00e9rt szeretn\u00e9nek a k\u00e9pz\u00e9sre j\u00e1rni.<\/p>\n<h4>Egyszerre h\u00e1rom g\u00e9pcsoport<\/h4>\n<p>Ami k\u00fcl\u00f6n \u00f6r\u00f6m, hogy ma m\u00e1r egyszerre mind a h\u00e1rom targonca g\u00e9pt\u00edpusra megszerezhet\u0151 az OKJ-s bizony\u00edtv\u00e1ny, ami term\u00e9szetesen a munkaer\u0151piacon jelent nagy el\u0151nyt. Targoncavezet\u0151 tanfolyamra Budapesten teh\u00e1t csak egyszer kell <a href=\"\/jelentkezesi-lap\/4_okj-s-gepkezeloi-tanfolyamok\">jelentkezni<\/a>, de h\u00e1rom g\u00e9pcsoportb\u00f3l lehet vizsg\u00e1zni. Ak\u00e1r online is lehet jelentkezni, a k\u00e9pz\u00e9sre val\u00f3 beiratkoz\u00e1s felt\u00e9tele pedig mind\u00f6ssze a 8. \u00e1ltal\u00e1nos iskolai v\u00e9gzetts\u00e9g, a bet\u00f6lt\u00f6tt 18. \u00e9let\u00e9v \u00e9s az eg\u00e9szs\u00e9g\u00fcgyi alkalmass\u00e1g.<\/p>\n<!-- Begin Yuzo --><div class='yuzo_related_post style-2'  data-version='5.12.88'><!-- without result --><div class='yuzo_clearfixed yuzo__title yuzo__title'><h3>Hasonl\u00f3 cikkek<\/h3><\/div>\n\t\t\t\t\t\t<div class=\"relatedthumb yuzo-list  \" style=\"\"  >  \n\t\t\t\t\t\t  <a  href=\"https:\/\/www.transzportstudium.hu\/blog\/2014\/07\/26\/iranyitsa-sajat-ceget-arufuvarozo-vallalkozokent\/\" class=\"image-list\"  >\n\t\t\t\t\t\t  <div class=\"yuzo-img-wrap  ilen_shine \" style=\"width: 100px;height:65px;\">\n\t\t\t\t\t\t\t\t\t <span class='shine-effect'><\/span> \n\t\t\t\t\t\t\t\t\t <div class=\"yuzo-img\" style=\"background:url('https:\/\/www.transzportstudium.hu\/blog\/wp-content\/uploads\/2014\/08\/Truck-convoy-istockphoto1-150x150.jpg') 50% 50% no-repeat;width: 105px;height:65px;margin-bottom: 5px;background-size:  cover;  \"><\/div>\n\t\t\t\t\t\t  <\/div>\n\t\t\t\t\t\t  <\/a>\n\t\t\t\t\t\t  <a  class=\"link-list yuzo__text--title\" href=\"https:\/\/www.transzportstudium.hu\/blog\/2014\/07\/26\/iranyitsa-sajat-ceget-arufuvarozo-vallalkozokent\/\" style=\"font-size:14px;;line-height:22px;\"> Ir\u00e1ny\u00edtsa saj\u00e1t c\u00e9g\u00e9t \u00e1rufuvaroz\u00f3 v\u00e1llalkoz\u00f3k\u00e9nt...  <\/a>\n\t\t\t\t\t\t\t\t<span class=\"yuzo_text\" style=\"font-size:10px;\" >Ha m\u00e1r \u00e9vek vagy ak\u00e1r \u00e9vtizedek \u00f3ta foglalkozik \u00e1rufuvaroz\u00e1ssal, m\u00e1ra j\u00f3 r\u00e1l\u00e1t\u00e1ssal b\u00edr a szakm\u00e1ra: l\u00e1tja, mik azok a szempontok, amelyekre fokozottan...<\/span>\n\t\t\t\t\t\t   \n\t\t\t\t\t\t<\/div>\n\t\t\t\t\t\t<div class=\"relatedthumb yuzo-list  \" style=\"\"  >  \n\t\t\t\t\t\t  <a  href=\"https:\/\/www.transzportstudium.hu\/blog\/2015\/11\/12\/neheznek-tunik-de-konnyu\/\" class=\"image-list\"  >\n\t\t\t\t\t\t  <div class=\"yuzo-img-wrap  ilen_shine \" style=\"width: 100px;height:65px;\">\n\t\t\t\t\t\t\t\t\t <span class='shine-effect'><\/span> \n\t\t\t\t\t\t\t\t\t <div class=\"yuzo-img\" style=\"background:url('https:\/\/www.transzportstudium.hu\/blog\/wp-content\/uploads\/2015\/11\/shutterstock_134630873-150x150.jpg') 50% 50% no-repeat;width: 105px;height:65px;margin-bottom: 5px;background-size:  cover;  \"><\/div>\n\t\t\t\t\t\t  <\/div>\n\t\t\t\t\t\t  <\/a>\n\t\t\t\t\t\t  <a  class=\"link-list yuzo__text--title\" href=\"https:\/\/www.transzportstudium.hu\/blog\/2015\/11\/12\/neheznek-tunik-de-konnyu\/\" style=\"font-size:14px;;line-height:22px;\"> Neh\u00e9znek t\u0171nik, de k\u00f6nny\u0171  <\/a>\n\t\t\t\t\t\t\t\t<span class=\"yuzo_text\" style=\"font-size:10px;\" >Aki K\u00f6nny\u0171- \u00e9s Neh\u00e9zg\u00e9pkezel\u0151 tanfolyamra szeretne jelentkezni, \u00e9s mondjuk r\u00e9g\u00f3ta fontolgatja mag\u00e1ban a dolgot, de nem n\u00e9zett ut\u00e1na t\u00e9nylegesen a lehe...<\/span>\n\t\t\t\t\t\t   \n\t\t\t\t\t\t<\/div>\n\t\t\t\t\t\t<div class=\"relatedthumb yuzo-list  \" style=\"\"  >  \n\t\t\t\t\t\t  <a  href=\"https:\/\/www.transzportstudium.hu\/blog\/2016\/03\/24\/az-utak-testorei\/\" class=\"image-list\"  >\n\t\t\t\t\t\t  <div class=\"yuzo-img-wrap  ilen_shine \" style=\"width: 100px;height:65px;\">\n\t\t\t\t\t\t\t\t\t <span class='shine-effect'><\/span> \n\t\t\t\t\t\t\t\t\t <div class=\"yuzo-img\" style=\"background:url('https:\/\/www.transzportstudium.hu\/blog\/wp-content\/uploads\/2015\/01\/photo_eni-150x150.jpg') 50% 50% no-repeat;width: 105px;height:65px;margin-bottom: 5px;background-size:  cover;  \"><\/div>\n\t\t\t\t\t\t  <\/div>\n\t\t\t\t\t\t  <\/a>\n\t\t\t\t\t\t  <a  class=\"link-list yuzo__text--title\" href=\"https:\/\/www.transzportstudium.hu\/blog\/2016\/03\/24\/az-utak-testorei\/\" style=\"font-size:14px;;line-height:22px;\"> Az utak test\u0151rei  <\/a>\n\t\t\t\t\t\t\t\t<span class=\"yuzo_text\" style=\"font-size:10px;\" >Nem volna sz\u00e9p dolog rangsorolni azokat a munk\u00e1nkat, melyeket hivat\u00e1sszer\u0171en \u0171znek korm\u00e1nyker\u00e9k m\u00f6g\u00f6tt, de az biztos, hogy az ADR egy eg\u00e9szen speci\u00e1li...<\/span>\n\t\t\t\t\t\t   \n\t\t\t\t\t\t<\/div>\n\t\t\t\t\t\t<div class=\"relatedthumb yuzo-list  \" style=\"\"  >  \n\t\t\t\t\t\t  <a  href=\"https:\/\/www.transzportstudium.hu\/blog\/2019\/10\/08\/hatekonysagnoveles-a-vallalkozoi-kepzessel\/\" class=\"image-list\"  >\n\t\t\t\t\t\t  <div class=\"yuzo-img-wrap  ilen_shine \" style=\"width: 100px;height:65px;\">\n\t\t\t\t\t\t\t\t\t <span class='shine-effect'><\/span> \n\t\t\t\t\t\t\t\t\t <div class=\"yuzo-img\" style=\"background:url('https:\/\/www.transzportstudium.hu\/blog\/wp-content\/uploads\/2014\/08\/155852133-150x150.jpg') 50% 50% no-repeat;width: 105px;height:65px;margin-bottom: 5px;background-size:  cover;  \"><\/div>\n\t\t\t\t\t\t  <\/div>\n\t\t\t\t\t\t  <\/a>\n\t\t\t\t\t\t  <a  class=\"link-list yuzo__text--title\" href=\"https:\/\/www.transzportstudium.hu\/blog\/2019\/10\/08\/hatekonysagnoveles-a-vallalkozoi-kepzessel\/\" style=\"font-size:14px;;line-height:22px;\"> Hat\u00e9konys\u00e1gn\u00f6vel\u00e9s a v\u00e1llalkoz\u00f3i k\u00e9pz\u00e9ssel  <\/a>\n\t\t\t\t\t\t\t\t<span class=\"yuzo_text\" style=\"font-size:10px;\" >Sokakkal megt\u00f6rt\u00e9nt m\u00e1r, hogy b\u00e1rmif\u00e9le v\u00e1llalkoz\u00f3i k\u00e9pz\u00e9s elv\u00e9gz\u00e9se n\u00e9lk\u00fcl fejest ugrottak egy c\u00e9galap\u00edt\u00e1sba, mondv\u00e1n a siker garant\u00e1lt. Vannak \u00fcgyfe...<\/span>\n\t\t\t\t\t\t   \n\t\t\t\t\t\t<\/div>\n<\/div>  <!-- End Yuzo :) -->","protected":false},"excerpt":{"rendered":"<p>\u00c9vek \u00f3ta folyamatosan t\u00e9ma a sajt\u00f3ban, hogy mennyire keresett szakma a targoncavezet\u0151. Ennek a legf\u0151bb oka, hogy ahogyan n\u00f6vekszik a gazdas\u00e1g, annyira n\u00f6vekszik a logisztika is mint \u00e1gazat, a rakt\u00e1roz\u00e1shoz pedig, az \u00e1ru ki&#46;&#46;&#46;<\/p>\n","protected":false},"author":3,"featured_media":1267,"comment_status":"open","ping_status":"open","sticky":false,"template":"","format":"standard","meta":{"footnotes":""},"categories":[5],"tags":[31,78,79,219,59,82,81,80,34,77,189],"class_list":["post-1266","post","type-post","status-publish","format-standard","has-post-thumbnail","hentry","category-okj","tag-okj-2","tag-okj-kepzesek","tag-okj-tanfolyamok","tag-okj-s-vizsga","tag-targonca","tag-targonca-jogositvany","tag-targonca-tanfolyam","tag-targonca-vizsga","tag-targoncavezeto","tag-targoncavezeto-tanfolyam","tag-targoncavezetoi-tanfolyam"],"aioseo_notices":[],"_links":{"self":[{"href":"https:\/\/www.transzportstudium.hu\/blog\/wp-json\/wp\/v2\/posts\/1266","targetHints":{"allow":["GET"]}}],"collection":[{"href":"https:\/\/www.transzportstudium.hu\/blog\/wp-json\/wp\/v2\/posts"}],"about":[{"href":"https:\/\/www.transzportstudium.hu\/blog\/wp-json\/wp\/v2\/types\/post"}],"author":[{"embeddable":true,"href":"https:\/\/www.transzportstudium.hu\/blog\/wp-json\/wp\/v2\/users\/3"}],"replies":[{"embeddable":true,"href":"https:\/\/www.transzportstudium.hu\/blog\/wp-json\/wp\/v2\/comments?post=1266"}],"version-history":[{"count":1,"href":"https:\/\/www.transzportstudium.hu\/blog\/wp-json\/wp\/v2\/posts\/1266\/revisions"}],"predecessor-version":[{"id":1268,"href":"https:\/\/www.transzportstudium.hu\/blog\/wp-json\/wp\/v2\/posts\/1266\/revisions\/1268"}],"wp:featuredmedia":[{"embeddable":true,"href":"https:\/\/www.transzportstudium.hu\/blog\/wp-json\/wp\/v2\/media\/1267"}],"wp:attachment":[{"href":"https:\/\/www.transzportstudium.hu\/blog\/wp-json\/wp\/v2\/media?parent=1266"}],"wp:term":[{"taxonomy":"category","embeddable":true,"href":"https:\/\/www.transzportstudium.hu\/blog\/wp-json\/wp\/v2\/categories?post=1266"},{"taxonomy":"post_tag","embeddable":true,"href":"https:\/\/www.transzportstudium.hu\/blog\/wp-json\/wp\/v2\/tags?post=1266"}],"curies":[{"name":"wp","href":"https:\/\/api.w.org\/{rel}","templated":true}]}}