{"id":1260,"date":"2018-05-29T11:52:28","date_gmt":"2018-05-29T10:52:28","guid":{"rendered":"https:\/\/www.transzportstudium.hu\/blog\/?p=1260"},"modified":"2018-06-24T12:34:11","modified_gmt":"2018-06-24T11:34:11","slug":"adr-jogszabalyok","status":"publish","type":"post","link":"https:\/\/www.transzportstudium.hu\/blog\/2018\/05\/29\/adr-jogszabalyok\/","title":{"rendered":"ADR jogszab\u00e1lyok"},"content":{"rendered":"<p>Az Eur\u00f3pai Uni\u00f3 eg\u00e9sz ter\u00fclet\u00e9n, illet\u0151leg a tagorsz\u00e1gok k\u00f6z\u00f6tti vesz\u00e9lyes \u00e1rusz\u00e1ll\u00edt\u00e1s eset\u00e9re, egyar\u00e1nt egys\u00e9gesek az ADR jogszab\u00e1lyok. Sz\u00e1razf\u00f6ld\u00f6n csak egy esetben van ez al\u00f3l kiv\u00e9tel, amikor a fegyveres er\u0151k tulajdon\u00e1ban l\u00e9v\u0151 g\u00e9pj\u00e1rm\u0171v\u00f6n \u00e9s elker\u00edtett form\u00e1ban t\u00f6rt\u00e9nik a sz\u00e1ll\u00edt\u00e1s.<\/p>\n<div id=\"attachment_1261\" style=\"width: 510px\" class=\"wp-caption aligncenter\"><img loading=\"lazy\" decoding=\"async\" aria-describedby=\"caption-attachment-1261\" class=\"size-full wp-image-1261\" src=\"https:\/\/www.transzportstudium.hu\/blog\/wp-content\/uploads\/2018\/06\/Transport_28.png\" alt=\"ADR jogszab\u00e1lyok\" width=\"500\" height=\"483\" srcset=\"https:\/\/www.transzportstudium.hu\/blog\/wp-content\/uploads\/2018\/06\/Transport_28.png 500w, https:\/\/www.transzportstudium.hu\/blog\/wp-content\/uploads\/2018\/06\/Transport_28-300x290.png 300w\" sizes=\"auto, (max-width: 500px) 100vw, 500px\" \/><p id=\"caption-attachment-1261\" class=\"wp-caption-text\">ADR jogszab\u00e1lyok<\/p><\/div>\n<p>Minden m\u00e1s esetben a fuvaroz\u00f3 k\u00f6teles betartani a vesz\u00e9lyes \u00e1ruk sz\u00e1razf\u00f6ldi sz\u00e1ll\u00edt\u00e1s\u00e1ra vonatkoz\u00f3 ADR jogszab\u00e1lyokat. A k\u00f6z\u00fati \u00e1rusz\u00e1ll\u00edt\u00e1s form\u00e1i k\u00f6z\u00fcl ugyanis, \u00e9rthet\u0151 m\u00f3don, a vesz\u00e9lyes \u00e1ruk sz\u00e1ll\u00edt\u00e1sa b\u00edr a legnagyobb felel\u0151ss\u00e9ggel \u00e9s \u00edgy szigorral. \u00c9rv\u00e9nyes ez egyar\u00e1nt a j\u00e1rm\u0171 \u00e9s a rakom\u00e1ny helyzet\u00e9re valamint \u00e1llapot\u00e1ra, de kiemelten figyelni kell az \u00e1rut \u00e9rint\u0151 k\u00f6rnyezeti hat\u00e1sokra is, melyek szint\u00e9n ADR jogszab\u00e1lyokhoz k\u00f6t\u00f6ttek. Ilyen lehet p\u00e9ld\u00e1ul a magas h\u0151m\u00e9rs\u00e9klet vagy a lehullott csapad\u00e9k miatt cs\u00fasz\u00f3ss\u00e1 v\u00e1l\u00f3 utak.<\/p>\n<h4>V\u00e1ltoz\u00e1s \u00e9s b\u0151v\u00fcl\u00e9s<\/h4>\n<p>2015. janu\u00e1r elsej\u00e9t\u0151l t\u00f6bb ADR jogszab\u00e1ly is m\u00f3dosult, melyet a vesz\u00e9lyes \u00e1r\u00fak sz\u00e1ll\u00edt\u00e1s\u00e1ban \u00e9rdekelt c\u00e9gek k\u00f6telesek nyomon k\u00f6vetni. Ett\u0151l az id\u0151pontt\u00f3l kezdve, a vesz\u00e9lyes \u00e1runak min\u0151s\u00fcl\u0151 anyagok sz\u00e1ma is emelkedett, melyeket \u00edgy szint\u00e9n \u00e9rintenek az ADR jogszab\u00e1lyok. A rakom\u00e1ny, valamint a sz\u00e1ll\u00edt\u00e1s k\u00f6rnyezeti felt\u00e9teleinek folyamatos ellen\u0151rz\u00e9s\u00e9re minden fuvaroz\u00f3t \u00e9rint. Az \u00faj anyagok k\u00f6z\u00e9 tartoznak p\u00e9ld\u00e1ul a f\u00e9lvezet\u0151k el\u0151\u00e1ll\u00edt\u00e1s\u00e1hoz haszn\u00e1lt g\u00e1zok, az aszimmetrikus kondenz\u00e1torok, a kiselejtezett, \u00fcres, tiszt\u00edtatlan csomagol\u00f3eszk\u00f6z\u00f6k, illet\u0151leg a sug\u00e1rz\u00e1st \u00e9rz\u00e9kel\u0151 rendszerek. Amennyiben az \u00e1rusz\u00e1ll\u00edt\u00e1sban \u00e9rintett c\u00e9g nem k\u00f6veti ezen v\u00e1ltoz\u00e1sokat, \u00e9s nem alkalmaz legal\u00e1bb egy <a href=\"\/tanfolyamok\/adr-tanfolyamok\/34_adr-veszelyes-aru-szallitasi-biztonsagi-tanacsado\">ADR biztons\u00e1gi tan\u00e1csad\u00f3t<\/a>, az s\u00falyos b\u00edrs\u00e1got von maga ut\u00e1n.<\/p>\n<!-- Begin Yuzo --><div class='yuzo_related_post style-2'  data-version='5.12.88'><!-- without result --><div class='yuzo_clearfixed yuzo__title yuzo__title'><h3>Hasonl\u00f3 cikkek<\/h3><\/div>\n\t\t\t\t\t\t<div class=\"relatedthumb yuzo-list  \" style=\"\"  >  \n\t\t\t\t\t\t  <a  href=\"https:\/\/www.transzportstudium.hu\/blog\/2014\/11\/04\/a-megfelelo-targonca-kivalasztasa\/\" class=\"image-list\"  >\n\t\t\t\t\t\t  <div class=\"yuzo-img-wrap  ilen_shine \" style=\"width: 100px;height:65px;\">\n\t\t\t\t\t\t\t\t\t <span class='shine-effect'><\/span> \n\t\t\t\t\t\t\t\t\t <div class=\"yuzo-img\" style=\"background:url('https:\/\/www.transzportstudium.hu\/blog\/wp-content\/uploads\/2014\/10\/wrmsd-worker-150x150.jpg') 50% 50% no-repeat;width: 105px;height:65px;margin-bottom: 5px;background-size:  cover;  \"><\/div>\n\t\t\t\t\t\t  <\/div>\n\t\t\t\t\t\t  <\/a>\n\t\t\t\t\t\t  <a  class=\"link-list yuzo__text--title\" href=\"https:\/\/www.transzportstudium.hu\/blog\/2014\/11\/04\/a-megfelelo-targonca-kivalasztasa\/\" style=\"font-size:14px;;line-height:22px;\"> A megfelel\u0151 targonca kiv\u00e1laszt\u00e1sa  <\/a>\n\t\t\t\t\t\t\t\t<span class=\"yuzo_text\" style=\"font-size:10px;\" >Ha v\u00e1llalkoz\u00f3k\u00e9nt szeretne elhelyezkedni az \u00e9p\u00edt\u0151iparban, a szakmai \u00e9s v\u00e1llalkoz\u00f3i ismereteken k\u00edv\u00fcl megfelel\u0151 g\u00e9pekre is sz\u00fcks\u00e9ge lesz. Az el\u0151bbieket...<\/span>\n\t\t\t\t\t\t   \n\t\t\t\t\t\t<\/div>\n\t\t\t\t\t\t<div class=\"relatedthumb yuzo-list  \" style=\"\"  >  \n\t\t\t\t\t\t  <a  href=\"https:\/\/www.transzportstudium.hu\/blog\/2019\/04\/25\/gki-tanfolyam-budapesten-4\/\" class=\"image-list\"  >\n\t\t\t\t\t\t  <div class=\"yuzo-img-wrap  ilen_shine \" style=\"width: 100px;height:65px;\">\n\t\t\t\t\t\t\t\t\t <span class='shine-effect'><\/span> \n\t\t\t\t\t\t\t\t\t <div class=\"yuzo-img\" style=\"background:url('https:\/\/www.transzportstudium.hu\/blog\/wp-content\/uploads\/2016\/06\/008_Titel_Bruecke_003_Kalender-150x150.jpg') 50% 50% no-repeat;width: 105px;height:65px;margin-bottom: 5px;background-size:  cover;  \"><\/div>\n\t\t\t\t\t\t  <\/div>\n\t\t\t\t\t\t  <\/a>\n\t\t\t\t\t\t  <a  class=\"link-list yuzo__text--title\" href=\"https:\/\/www.transzportstudium.hu\/blog\/2019\/04\/25\/gki-tanfolyam-budapesten-4\/\" style=\"font-size:14px;;line-height:22px;\"> GKI tanfolyam Budapesten  <\/a>\n\t\t\t\t\t\t\t\t<span class=\"yuzo_text\" style=\"font-size:10px;\" >GKI tanfolyam Budapesten \u00e9s sz\u00e1mos vid\u00e9ki v\u00e1rosban is indul, de sajnos nem minden\u00fctt. Sokan nincsenek abban a szerencs\u00e9s helyzetben, hogy k\u00f6zvetlen\u00fcl ...<\/span>\n\t\t\t\t\t\t   \n\t\t\t\t\t\t<\/div>\n\t\t\t\t\t\t<div class=\"relatedthumb yuzo-list  \" style=\"\"  >  \n\t\t\t\t\t\t  <a  href=\"https:\/\/www.transzportstudium.hu\/blog\/2014\/10\/07\/a-gepkocsivezetok-pihenoidejenek-eu-s-szabalyzasa\/\" class=\"image-list\"  >\n\t\t\t\t\t\t  <div class=\"yuzo-img-wrap  ilen_shine \" style=\"width: 100px;height:65px;\">\n\t\t\t\t\t\t\t\t\t <span class='shine-effect'><\/span> \n\t\t\t\t\t\t\t\t\t <div class=\"yuzo-img\" style=\"background:url('https:\/\/www.transzportstudium.hu\/blog\/wp-content\/uploads\/2014\/10\/46823_lowres_04612-038-150x150.jpg') 50% 50% no-repeat;width: 105px;height:65px;margin-bottom: 5px;background-size:  cover;  \"><\/div>\n\t\t\t\t\t\t  <\/div>\n\t\t\t\t\t\t  <\/a>\n\t\t\t\t\t\t  <a  class=\"link-list yuzo__text--title\" href=\"https:\/\/www.transzportstudium.hu\/blog\/2014\/10\/07\/a-gepkocsivezetok-pihenoidejenek-eu-s-szabalyzasa\/\" style=\"font-size:14px;;line-height:22px;\"> A g\u00e9pkocsivezet\u0151k pihen\u0151idej\u00e9nek EU-s szab\u00e1lyz\u00e1sa...  <\/a>\n\t\t\t\t\t\t\t\t<span class=\"yuzo_text\" style=\"font-size:10px;\" >Az 561\/2006 EU rendelet \u00e9rtelm\u00e9ben 2007. \u00e1prilis 11-\u00e9t\u0151l jelent\u0151s v\u00e1ltoz\u00e1sok t\u00f6rt\u00e9ntek a k\u00f6z\u00fati szem\u00e9ly- \u00e9s \u00e1rusz\u00e1ll\u00edt\u00e1sban. A sof\u0151r\u00f6knek nemcsak GKI ...<\/span>\n\t\t\t\t\t\t   \n\t\t\t\t\t\t<\/div>\n\t\t\t\t\t\t<div class=\"relatedthumb yuzo-list  \" style=\"\"  >  \n\t\t\t\t\t\t  <a  href=\"https:\/\/www.transzportstudium.hu\/blog\/2018\/04\/17\/kihivasok-menten\/\" class=\"image-list\"  >\n\t\t\t\t\t\t  <div class=\"yuzo-img-wrap  ilen_shine \" style=\"width: 100px;height:65px;\">\n\t\t\t\t\t\t\t\t\t <span class='shine-effect'><\/span> \n\t\t\t\t\t\t\t\t\t <div class=\"yuzo-img\" style=\"background:url('https:\/\/www.transzportstudium.hu\/blog\/wp-content\/uploads\/2018\/04\/Transport_20-150x150.jpg') 50% 50% no-repeat;width: 105px;height:65px;margin-bottom: 5px;background-size:  cover;  \"><\/div>\n\t\t\t\t\t\t  <\/div>\n\t\t\t\t\t\t  <\/a>\n\t\t\t\t\t\t  <a  class=\"link-list yuzo__text--title\" href=\"https:\/\/www.transzportstudium.hu\/blog\/2018\/04\/17\/kihivasok-menten\/\" style=\"font-size:14px;;line-height:22px;\"> Kih\u00edv\u00e1sok ment\u00e9n  <\/a>\n\t\t\t\t\t\t\t\t<span class=\"yuzo_text\" style=\"font-size:10px;\" >Tal\u00e1n nem is kell hangs\u00falyozni, hogy mennyire fontos a biztons\u00e1g a vesz\u00e9lyes \u00e1ruk sz\u00e1ll\u00edt\u00e1sa sor\u00e1n, \u00e9ppen ez\u00e9rt nem v\u00e9letlen, hogy az ilyen tev\u00e9kenys\u00e9...<\/span>\n\t\t\t\t\t\t   \n\t\t\t\t\t\t<\/div>\n<\/div>  <!-- End Yuzo :) -->","protected":false},"excerpt":{"rendered":"<p>Az Eur\u00f3pai Uni\u00f3 eg\u00e9sz ter\u00fclet\u00e9n, illet\u0151leg a tagorsz\u00e1gok k\u00f6z\u00f6tti vesz\u00e9lyes \u00e1rusz\u00e1ll\u00edt\u00e1s eset\u00e9re, egyar\u00e1nt egys\u00e9gesek az ADR jogszab\u00e1lyok. Sz\u00e1razf\u00f6ld\u00f6n csak egy esetben van ez al\u00f3l kiv\u00e9tel, amikor a fegyveres er\u0151k tulajdon\u00e1ban l\u00e9v\u0151 g\u00e9pj\u00e1rm\u0171v\u00f6n \u00e9s elker\u00edtett&#46;&#46;&#46;<\/p>\n","protected":false},"author":3,"featured_media":1261,"comment_status":"open","ping_status":"open","sticky":false,"template":"","format":"standard","meta":{"footnotes":""},"categories":[2],"tags":[224,175,174,71,233,72],"class_list":["post-1260","post","type-post","status-publish","format-standard","has-post-thumbnail","hentry","category-adr","tag-adr","tag-adr-biztonsagi-tanacsado","tag-adr-kepzes","tag-adr-tanfolyam","tag-adr-veszelyes-aru-szallitasi-biztonsagi-tanacsado","tag-adr-vizsga"],"aioseo_notices":[],"_links":{"self":[{"href":"https:\/\/www.transzportstudium.hu\/blog\/wp-json\/wp\/v2\/posts\/1260","targetHints":{"allow":["GET"]}}],"collection":[{"href":"https:\/\/www.transzportstudium.hu\/blog\/wp-json\/wp\/v2\/posts"}],"about":[{"href":"https:\/\/www.transzportstudium.hu\/blog\/wp-json\/wp\/v2\/types\/post"}],"author":[{"embeddable":true,"href":"https:\/\/www.transzportstudium.hu\/blog\/wp-json\/wp\/v2\/users\/3"}],"replies":[{"embeddable":true,"href":"https:\/\/www.transzportstudium.hu\/blog\/wp-json\/wp\/v2\/comments?post=1260"}],"version-history":[{"count":1,"href":"https:\/\/www.transzportstudium.hu\/blog\/wp-json\/wp\/v2\/posts\/1260\/revisions"}],"predecessor-version":[{"id":1262,"href":"https:\/\/www.transzportstudium.hu\/blog\/wp-json\/wp\/v2\/posts\/1260\/revisions\/1262"}],"wp:featuredmedia":[{"embeddable":true,"href":"https:\/\/www.transzportstudium.hu\/blog\/wp-json\/wp\/v2\/media\/1261"}],"wp:attachment":[{"href":"https:\/\/www.transzportstudium.hu\/blog\/wp-json\/wp\/v2\/media?parent=1260"}],"wp:term":[{"taxonomy":"category","embeddable":true,"href":"https:\/\/www.transzportstudium.hu\/blog\/wp-json\/wp\/v2\/categories?post=1260"},{"taxonomy":"post_tag","embeddable":true,"href":"https:\/\/www.transzportstudium.hu\/blog\/wp-json\/wp\/v2\/tags?post=1260"}],"curies":[{"name":"wp","href":"https:\/\/api.w.org\/{rel}","templated":true}]}}