{"id":1211,"date":"2018-04-05T10:20:50","date_gmt":"2018-04-05T09:20:50","guid":{"rendered":"https:\/\/www.transzportstudium.hu\/blog\/?p=1211"},"modified":"2018-05-06T22:49:36","modified_gmt":"2018-05-06T21:49:36","slug":"a-taxis-vallalkozoi-vizsgarol","status":"publish","type":"post","link":"https:\/\/www.transzportstudium.hu\/blog\/2018\/04\/05\/a-taxis-vallalkozoi-vizsgarol\/","title":{"rendered":"A taxis v\u00e1llalkoz\u00f3i vizsg\u00e1r\u00f3l"},"content":{"rendered":"<p>Van egy j\u00f3 h\u00edr\u00fcnk: elegend\u0151 <a href=\"\/tanfolyamok\/vallalkozoi-szaktanfolyamok\/71_szemelytaxis-es-szemelygepkocsis-szemelyszallito-vallalkozo-tanfolyam\">egy k\u00e9pz\u00e9s<\/a> elv\u00e9gz\u00e9se ahhoz, hogy taxam\u00e9ter n\u00e9lk\u00fcli szem\u00e9lyg\u00e9pkocsival vagy taxam\u00e9terrel felszerelt szem\u00e9lyg\u00e9pkocsival kapcsolatos egy\u00e9ni vagy t\u00e1rsas v\u00e1llalkoz\u00e1st \u00fczemeltessen. A k\u00e9t k\u00e9pz\u00e9s ugyanis r\u00e9gen k\u00fcl\u00f6n volt, de mostanra \u00f6sszevon\u00e1sra ker\u00fclt.<\/p>\n<div id=\"attachment_1212\" style=\"width: 970px\" class=\"wp-caption aligncenter\"><img loading=\"lazy\" decoding=\"async\" aria-describedby=\"caption-attachment-1212\" class=\"size-full wp-image-1212\" src=\"https:\/\/www.transzportstudium.hu\/blog\/wp-content\/uploads\/2018\/05\/Transport_15.jpg\" alt=\"A taxis v\u00e1llalkoz\u00f3i vizsg\u00e1r\u00f3l\" width=\"960\" height=\"540\" srcset=\"https:\/\/www.transzportstudium.hu\/blog\/wp-content\/uploads\/2018\/05\/Transport_15.jpg 960w, https:\/\/www.transzportstudium.hu\/blog\/wp-content\/uploads\/2018\/05\/Transport_15-300x169.jpg 300w, https:\/\/www.transzportstudium.hu\/blog\/wp-content\/uploads\/2018\/05\/Transport_15-768x432.jpg 768w\" sizes=\"auto, (max-width: 960px) 100vw, 960px\" \/><p id=\"caption-attachment-1212\" class=\"wp-caption-text\">A taxis v\u00e1llalkoz\u00f3i vizsg\u00e1r\u00f3l<\/p><\/div>\n<p>A taxis v\u00e1llalkoz\u00f3i vizsga felt\u00e9tele mind\u00f6ssze a szem\u00e9lyi igazolv\u00e1ny \u00e9s a lakc\u00edmbejelent\u0151 k\u00e1rtya , a tanfolyam menete pedig mind\u00f6ssze h\u00e1rom nap. Tal\u00e1n soha nem volt m\u00e9g ilyen k\u00f6nny\u0171 v\u00e1llalkoz\u00f3v\u00e1 lenni. Az eg\u00e9sz napos k\u00e9pz\u00e9seken mind elm\u00e9leti, mind gyakorlati s\u00edkon igyeksz\u00fcnk felk\u00e9sz\u00edteni a hallgat\u00f3kat egy modern v\u00e1llalkoz\u00e1s kih\u00edv\u00e1saira. A <a href=\"\/tanfolyamok\/vallalkozoi-szaktanfolyamok\/71_szemelytaxis-es-szemelygepkocsis-szemelyszallito-vallalkozo-tanfolyam\">taxis v\u00e1llalkoz\u00f3i vizsga<\/a> megszerz\u00e9s\u00e9vel a hallgat\u00f3 otthonosan fog mozogni azokon a ter\u00fcleteken, melyek elengedhetetlenek egy sikeres v\u00e1llalkoz\u00e1s m\u0171k\u00f6d\u00e9s\u00e9hez. Mivel sz\u00e1munkra fontos, hogy az elismert oktat\u00f3ink \u00e1ltal k\u00edn\u00e1lt tud\u00e1st val\u00f3ban elsaj\u00e1t\u00edtsa a hallgat\u00f3, \u00edgy a k\u00e9pz\u00e9sen val\u00f3 r\u00e9szv\u00e9tel k\u00f6telez\u0151.<\/p>\n<h4>R\u00e9szletesen a vizsg\u00e1r\u00f3l<\/h4>\n<p>Maga a taxis v\u00e1llalkoz\u00f3i vizsga a k\u00e9pz\u00e9sen megtanultakb\u00f3l \u00e1ll, az \u00e1ltal\u00e1nos ismeretek mellett ennek r\u00e9sze a gazdas\u00e1gi, p\u00e9nz\u00fcgyi, ad\u00f3z\u00e1si ismeretek, a k\u00e9s\u0151bbi v\u00e1llalkoz\u00e1ssal kapcsolatos munka\u00fcgyi ismeretek, valamint a szem\u00e9lysz\u00e1ll\u00edt\u00e1st \u00e9rint\u0151 jogszab\u00e1lyok ismerete is. Sokan f\u00e9lnek a sz\u00f3beli megm\u00e9rettet\u00e9st\u0151l, \u0151k biztosan \u00f6r\u00fclni fognak neki, hogy a taxis v\u00e1llalkoz\u00f3i vizsga csak \u00edr\u00e1sbeli r\u00e9szb\u0151l \u00e1ll. A megtanultakat a k\u00e9s\u0151bbiekben sz\u00e1mos ter\u00fcleten tudja majd kamatoztatni a hallgat\u00f3, legyen sz\u00f3 taxiz\u00e1sr\u00f3l vagy a f\u0151szolg\u00e1ltat\u00e1sokhoz kapcsol\u00f3d\u00f3 v\u00e1llalkoz\u00e1sr\u00f3l. Mindk\u00e9t ter\u00fclet egyre keresettebb haz\u00e1nkba is, \u00edgy ha valaki \u00e9rez hozz\u00e1 affinit\u00e1s, akkor \u00e9rdemes <a href=\"\/jelentkezesi-lap\/2_vallalkozoi-szaktanfolyamok\">adni neki egy es\u00e9lyt<\/a>.<\/p>\n<!-- Begin Yuzo --><div class='yuzo_related_post style-2'  data-version='5.12.88'><!-- without result --><div class='yuzo_clearfixed yuzo__title yuzo__title'><h3>Hasonl\u00f3 cikkek<\/h3><\/div>\n\t\t\t\t\t\t<div class=\"relatedthumb yuzo-list  \" style=\"\"  >  \n\t\t\t\t\t\t  <a  href=\"https:\/\/www.transzportstudium.hu\/blog\/2015\/12\/29\/eloallat-szallitasa-kozuton\/\" class=\"image-list\"  >\n\t\t\t\t\t\t  <div class=\"yuzo-img-wrap  ilen_shine \" style=\"width: 100px;height:65px;\">\n\t\t\t\t\t\t\t\t\t <span class='shine-effect'><\/span> \n\t\t\t\t\t\t\t\t\t <div class=\"yuzo-img\" style=\"background:url('https:\/\/www.transzportstudium.hu\/blog\/wp-content\/uploads\/2015\/12\/shutterstock_186624461-150x150.jpg') 50% 50% no-repeat;width: 105px;height:65px;margin-bottom: 5px;background-size:  cover;  \"><\/div>\n\t\t\t\t\t\t  <\/div>\n\t\t\t\t\t\t  <\/a>\n\t\t\t\t\t\t  <a  class=\"link-list yuzo__text--title\" href=\"https:\/\/www.transzportstudium.hu\/blog\/2015\/12\/29\/eloallat-szallitasa-kozuton\/\" style=\"font-size:14px;;line-height:22px;\"> \u00c9l\u0151\u00e1llat sz\u00e1ll\u00edt\u00e1sa k\u00f6z\u00faton  <\/a>\n\t\t\t\t\t\t\t\t<span class=\"yuzo_text\" style=\"font-size:10px;\" >Megszokott l\u00e1tv\u00e1ny az utakon, hogy \u00e9l\u0151\u00e1llatot sz\u00e1ll\u00edt\u00f3 j\u00e1rm\u0171vekkel tal\u00e1lkozunk, de pontosan milyen szab\u00e1lyokat, el\u0151\u00edr\u00e1sokat is kell betartani ahhoz, h...<\/span>\n\t\t\t\t\t\t   \n\t\t\t\t\t\t<\/div>\n\t\t\t\t\t\t<div class=\"relatedthumb yuzo-list  \" style=\"\"  >  \n\t\t\t\t\t\t  <a  href=\"https:\/\/www.transzportstudium.hu\/blog\/2015\/05\/19\/milyen-feladatokbol-tevodik-ossze-az-okj-targonca-vizsga\/\" class=\"image-list\"  >\n\t\t\t\t\t\t  <div class=\"yuzo-img-wrap  ilen_shine \" style=\"width: 100px;height:65px;\">\n\t\t\t\t\t\t\t\t\t <span class='shine-effect'><\/span> \n\t\t\t\t\t\t\t\t\t <div class=\"yuzo-img\" style=\"background:url('https:\/\/www.transzportstudium.hu\/blog\/wp-content\/uploads\/2015\/05\/FORKLIFT-TRAINING-150x150.jpg') 50% 50% no-repeat;width: 105px;height:65px;margin-bottom: 5px;background-size:  cover;  \"><\/div>\n\t\t\t\t\t\t  <\/div>\n\t\t\t\t\t\t  <\/a>\n\t\t\t\t\t\t  <a  class=\"link-list yuzo__text--title\" href=\"https:\/\/www.transzportstudium.hu\/blog\/2015\/05\/19\/milyen-feladatokbol-tevodik-ossze-az-okj-targonca-vizsga\/\" style=\"font-size:14px;;line-height:22px;\"> Milyen feladatokb\u00f3l tev\u0151dik \u00f6ssze az OKJ targonca ...  <\/a>\n\t\t\t\t\t\t\t\t<span class=\"yuzo_text\" style=\"font-size:10px;\" >Hogyan tehet\u00fcnk le targonca vizsg\u00e1t?\r\nAz \u00c9p\u00edt\u0151- \u00e9s anyagmozgat\u00f3 g\u00e9p kezel\u0151je szakmacsoporton bel\u00fcl a targonca szakmair\u00e1nyra vonatkoz\u00f3 k\u00e9pzetts\u00e9get k\u00fcl...<\/span>\n\t\t\t\t\t\t   \n\t\t\t\t\t\t<\/div>\n\t\t\t\t\t\t<div class=\"relatedthumb yuzo-list  \" style=\"\"  >  \n\t\t\t\t\t\t  <a  href=\"https:\/\/www.transzportstudium.hu\/blog\/2015\/07\/09\/az-emelogepek-varazslatos-vilaga-var\/\" class=\"image-list\"  >\n\t\t\t\t\t\t  <div class=\"yuzo-img-wrap  ilen_shine \" style=\"width: 100px;height:65px;\">\n\t\t\t\t\t\t\t\t\t <span class='shine-effect'><\/span> \n\t\t\t\t\t\t\t\t\t <div class=\"yuzo-img\" style=\"background:url('https:\/\/www.transzportstudium.hu\/blog\/wp-content\/uploads\/2015\/06\/173-063_ch08_014ret_1300x845-150x150.jpg') 50% 50% no-repeat;width: 105px;height:65px;margin-bottom: 5px;background-size:  cover;  \"><\/div>\n\t\t\t\t\t\t  <\/div>\n\t\t\t\t\t\t  <\/a>\n\t\t\t\t\t\t  <a  class=\"link-list yuzo__text--title\" href=\"https:\/\/www.transzportstudium.hu\/blog\/2015\/07\/09\/az-emelogepek-varazslatos-vilaga-var\/\" style=\"font-size:14px;;line-height:22px;\"> Az emel\u0151g\u00e9pek var\u00e1zslatos vil\u00e1ga v\u00e1r!  <\/a>\n\t\t\t\t\t\t\t\t<span class=\"yuzo_text\" style=\"font-size:10px;\" >M\u00e9g a nem szakmabeliek is l\u00e9pten-nyomon belebotlanak abba \u2013 a val\u00f3s\u00e1got nem teljesen pontosan t\u00fckr\u00f6z\u0151 \u2013 inform\u00e1ci\u00f3ba, hogy a targonc\u00e1sok az \u00e9p\u00edt\u0151ipari...<\/span>\n\t\t\t\t\t\t   \n\t\t\t\t\t\t<\/div>\n\t\t\t\t\t\t<div class=\"relatedthumb yuzo-list  \" style=\"\"  >  \n\t\t\t\t\t\t  <a  href=\"https:\/\/www.transzportstudium.hu\/blog\/2018\/05\/10\/vallalkozo-leszek\/\" class=\"image-list\"  >\n\t\t\t\t\t\t  <div class=\"yuzo-img-wrap  ilen_shine \" style=\"width: 100px;height:65px;\">\n\t\t\t\t\t\t\t\t\t <span class='shine-effect'><\/span> \n\t\t\t\t\t\t\t\t\t <div class=\"yuzo-img\" style=\"background:url('https:\/\/www.transzportstudium.hu\/blog\/wp-content\/uploads\/2018\/06\/Transport_24-150x150.jpg') 50% 50% no-repeat;width: 105px;height:65px;margin-bottom: 5px;background-size:  cover;  \"><\/div>\n\t\t\t\t\t\t  <\/div>\n\t\t\t\t\t\t  <\/a>\n\t\t\t\t\t\t  <a  class=\"link-list yuzo__text--title\" href=\"https:\/\/www.transzportstudium.hu\/blog\/2018\/05\/10\/vallalkozo-leszek\/\" style=\"font-size:14px;;line-height:22px;\"> V\u00e1llalkoz\u00f3 leszek  <\/a>\n\t\t\t\t\t\t\t\t<span class=\"yuzo_text\" style=\"font-size:10px;\" >Egy v\u00e1llalkoz\u00e1shoz, t\u00f6rt\u00e9njen az c\u00e9ges vagy egy\u00e9ni form\u00e1ban korra \u00e9s nemre val\u00f3 tekintet n\u00e9lk\u00fcl van lehet\u0151s\u00e9g, s\u0151t, m\u00e9g iskolai v\u00e9gzetts\u00e9g sem kell ho...<\/span>\n\t\t\t\t\t\t   \n\t\t\t\t\t\t<\/div>\n<\/div>  <!-- End Yuzo :) -->","protected":false},"excerpt":{"rendered":"<p>Van egy j\u00f3 h\u00edr\u00fcnk: elegend\u0151 egy k\u00e9pz\u00e9s elv\u00e9gz\u00e9se ahhoz, hogy taxam\u00e9ter n\u00e9lk\u00fcli szem\u00e9lyg\u00e9pkocsival vagy taxam\u00e9terrel felszerelt szem\u00e9lyg\u00e9pkocsival kapcsolatos egy\u00e9ni vagy t\u00e1rsas v\u00e1llalkoz\u00e1st \u00fczemeltessen. A k\u00e9t k\u00e9pz\u00e9s ugyanis r\u00e9gen k\u00fcl\u00f6n volt, de mostanra \u00f6sszevon\u00e1sra ker\u00fclt.&#46;&#46;&#46;<\/p>\n","protected":false},"author":3,"featured_media":1212,"comment_status":"open","ping_status":"open","sticky":false,"template":"","format":"standard","meta":{"footnotes":""},"categories":[4],"tags":[93,50,237,94,241,45,49,179],"class_list":["post-1211","post","type-post","status-publish","format-standard","has-post-thumbnail","hentry","category-vallalkozoi-vilag","tag-szemelygepkocsis-szemelyszallito-vallalkozo","tag-szemelyszallito-vallalkozo","tag-szemelytaxis-es-szemelygepkocsis-szemelyszallito-vallalkozo","tag-taxis-vallalkozo","tag-taxis-vallalkozoi-vizsga","tag-vallalkozoi-kepzes","tag-vallalkozoi-tanfolyam","tag-vallalkozoi-vizsga"],"aioseo_notices":[],"_links":{"self":[{"href":"https:\/\/www.transzportstudium.hu\/blog\/wp-json\/wp\/v2\/posts\/1211","targetHints":{"allow":["GET"]}}],"collection":[{"href":"https:\/\/www.transzportstudium.hu\/blog\/wp-json\/wp\/v2\/posts"}],"about":[{"href":"https:\/\/www.transzportstudium.hu\/blog\/wp-json\/wp\/v2\/types\/post"}],"author":[{"embeddable":true,"href":"https:\/\/www.transzportstudium.hu\/blog\/wp-json\/wp\/v2\/users\/3"}],"replies":[{"embeddable":true,"href":"https:\/\/www.transzportstudium.hu\/blog\/wp-json\/wp\/v2\/comments?post=1211"}],"version-history":[{"count":1,"href":"https:\/\/www.transzportstudium.hu\/blog\/wp-json\/wp\/v2\/posts\/1211\/revisions"}],"predecessor-version":[{"id":1213,"href":"https:\/\/www.transzportstudium.hu\/blog\/wp-json\/wp\/v2\/posts\/1211\/revisions\/1213"}],"wp:featuredmedia":[{"embeddable":true,"href":"https:\/\/www.transzportstudium.hu\/blog\/wp-json\/wp\/v2\/media\/1212"}],"wp:attachment":[{"href":"https:\/\/www.transzportstudium.hu\/blog\/wp-json\/wp\/v2\/media?parent=1211"}],"wp:term":[{"taxonomy":"category","embeddable":true,"href":"https:\/\/www.transzportstudium.hu\/blog\/wp-json\/wp\/v2\/categories?post=1211"},{"taxonomy":"post_tag","embeddable":true,"href":"https:\/\/www.transzportstudium.hu\/blog\/wp-json\/wp\/v2\/tags?post=1211"}],"curies":[{"name":"wp","href":"https:\/\/api.w.org\/{rel}","templated":true}]}}