{"id":1175,"date":"2018-03-13T08:56:08","date_gmt":"2018-03-13T07:56:08","guid":{"rendered":"https:\/\/www.transzportstudium.hu\/blog\/?p=1175"},"modified":"2018-03-13T11:19:48","modified_gmt":"2018-03-13T10:19:48","slug":"a-taxis-engedely-megszerzese","status":"publish","type":"post","link":"https:\/\/www.transzportstudium.hu\/blog\/2018\/03\/13\/a-taxis-engedely-megszerzese\/","title":{"rendered":"A taxis enged\u00e9ly megszerz\u00e9se"},"content":{"rendered":"<p>B\u00e1r az id\u0151sebb taxisok hajlamosak panaszkodni, hogy a nyolcvanas \u00e9vekben volt igaz\u00e1n j\u00f3 a taxiz\u00e1s, az\u00e9rt a mai napig egy profit\u00e1bilis szakm\u00e1r\u00f3l besz\u00e9l\u00fcnk. A nagyv\u00e1rosokban \u00e9s f\u0151leg Budapesten egyre nagyobb ig\u00e9ny van a szolg\u00e1ltat\u00e1sra.<\/p>\n<div id=\"attachment_1176\" style=\"width: 610px\" class=\"wp-caption aligncenter\"><img loading=\"lazy\" decoding=\"async\" aria-describedby=\"caption-attachment-1176\" class=\"size-large wp-image-1176\" src=\"https:\/\/www.transzportstudium.hu\/blog\/wp-content\/uploads\/2018\/03\/Transport_05-1024x535.jpg\" alt=\"A taxis enged\u00e9ly megszerz\u00e9se\" width=\"600\" height=\"313\" srcset=\"https:\/\/www.transzportstudium.hu\/blog\/wp-content\/uploads\/2018\/03\/Transport_05-1024x535.jpg 1024w, https:\/\/www.transzportstudium.hu\/blog\/wp-content\/uploads\/2018\/03\/Transport_05-300x157.jpg 300w, https:\/\/www.transzportstudium.hu\/blog\/wp-content\/uploads\/2018\/03\/Transport_05-768x401.jpg 768w, https:\/\/www.transzportstudium.hu\/blog\/wp-content\/uploads\/2018\/03\/Transport_05.jpg 1200w\" sizes=\"auto, (max-width: 600px) 100vw, 600px\" \/><p id=\"caption-attachment-1176\" class=\"wp-caption-text\">A taxis enged\u00e9ly megszerz\u00e9se<\/p><\/div>\n<p>Ahhoz pedig, hogy valaki taxis legyen nem is kell olyan sok minden, a <a href=\"\/tanfolyamok\/szemelygepkocsis-tanfolyamok\/5_taxi-gepkocsivezeto-alapkepzes\">taxi vezet\u0151 tanfolyamra<\/a> val\u00f3 jelentkez\u00e9snek a felt\u00e9telei a bet\u00f6lt\u00f6tt 21 \u00e9ves \u00e9letkor \u00e9s legal\u00e1bb 2 \u00e9ve \u00e9rv\u00e9nyes &#8222;B&#8221; kateg\u00f3ri\u00e1s jogos\u00edtv\u00e1ny. Sokan szeretn\u00e9nek taxizni, de k\u00f6z\u00fcl\u00fck t\u00f6bben az\u00e9rt nem iratkoznak be a taxi vezet\u0151 <a href=\"\/tanfolyamok\/szemelygepkocsis-tanfolyamok\/5_taxi-gepkocsivezeto-alapkepzes\">tanfolyamra<\/a>, mert nem rendelkeznek saj\u00e1t g\u00e9pkocsival. Term\u00e9szetesen a legszerencs\u00e9sebb, ha van saj\u00e1t aut\u00f3, de ha nincs az sem \u00e9get\u0151 probl\u00e9ma, hiszen k\u00fcl\u00f6n \u00fczlet\u00e1g az aut\u00f3k b\u00e9rbead\u00e1sa \u00e9s k\u00f6lcs\u00f6nz\u00e9se. A piaci \u00e1rak \u00e9s a hozz\u00e1juk kapcsol\u00f3d\u00f3 szolg\u00e1ltat\u00e1sok v\u00e1ltoz\u00f3ak, de az interneten ennek mindenki k\u00f6nnyed\u00e9n ut\u00e1na tud n\u00e9zni, a l\u00e9nyeg, hogy nyugodtan v\u00e1gjunk bele a taxi vezet\u0151 tanfolyamba saj\u00e1t aut\u00f3 n\u00e9lk\u00fcl is.<\/p>\n<p>Nem felt\u00e9tele a tanfolyam elv\u00e9gz\u00e9s\u00e9nek a PAV II min\u0151s\u00edt\u00e9s, de javasoljuk, hogy el\u0151bb szerezze meg a p\u00e1lyaalkalmass\u00e1git, hiszen akkor nem kidobott p\u00e9nz a tanfolyam elv\u00e9gz\u00e9se.<\/p>\n<h3>K\u00f6nny\u0171 navig\u00e1ci\u00f3<\/h3>\n<p>A taxi vezet\u0151 <a href=\"\/tanfolyamok\/szemelygepkocsis-tanfolyamok\/5_taxi-gepkocsivezeto-alapkepzes\">tanfolyam<\/a> elv\u00e9gz\u00e9se, no meg a sikeres vizsg\u00e1k let\u00e9tele ut\u00e1n m\u00e1r lehet is kezdeni az ipart, ami a fix kilom\u00e9ter\u00e1rak bevezet\u00e9se \u00f3ta ugyancsak nagy lend\u00fcletet kapott. Kell ugyan helyismereti vizsg\u00e1t is tenni \u00e9s fontos is, hogy ismerj\u00fck a v\u00e1rost, ahol taxizunk, de akkor sem kell megijedni, ha valaki kev\u00e9sb\u00e9 rendelkezik j\u00f3 t\u00e1j\u00e9koz\u00f3d\u00e1si k\u00e9pess\u00e9ggel. A modern navig\u00e1ci\u00f3s eszk\u00f6z\u00f6k ezt a hi\u00e1nyoss\u00e1got \u2013 amennyiben van \u2013 ma m\u00e1r k\u00f6nnyen tudj\u00e1k orvosolni, nem v\u00e9letlen, hogy a taxi vezet\u0151 tanfolyamnak r\u00e9sze az ilyen jelleg\u0171 oktat\u00e1s is. Ha valaki vid\u00e9ken \u00e9l az is nyugodtan iratkozzon be egy taxi vezet\u0151 tanfolyamra, hiszen ing\u00e1zni is lehet, mivel aut\u00f3 van alattunk, ez nem lehet akad\u00e1ly.<\/p>\n<p>M\u00e9g egy fontos tudnival\u00f3: a g\u00e9pkocsivezet\u0151i tanfolyam birtok\u00e1ban csak alkalmazottk\u00e9nt vezethetj\u00fck a c\u00e9g aut\u00f3it. Ha <a href=\"\/tanfolyamok\/vallalkozoi-szaktanfolyamok\/71_szemelytaxis-es-szemelygepkocsis-szemelyszallito-vallalkozo-tanfolyam\">v\u00e1llalkoz\u00f3k\u00e9nt szeretn\u00e9nk dolgozni<\/a>, akkor a szakmai ir\u00e1ny\u00edt\u00f3i tanfolyamot is el kell v\u00e9gezni!<\/p>\n<!-- Begin Yuzo --><div class='yuzo_related_post style-2'  data-version='5.12.88'><!-- without result --><div class='yuzo_clearfixed yuzo__title yuzo__title'><h3>Hasonl\u00f3 cikkek<\/h3><\/div>\n\t\t\t\t\t\t<div class=\"relatedthumb yuzo-list  \" style=\"\"  >  \n\t\t\t\t\t\t  <a  href=\"https:\/\/www.transzportstudium.hu\/blog\/2015\/06\/30\/holgyeknek-is-nyitott-a-palya-2-resz\/\" class=\"image-list\"  >\n\t\t\t\t\t\t  <div class=\"yuzo-img-wrap  ilen_shine \" style=\"width: 100px;height:65px;\">\n\t\t\t\t\t\t\t\t\t <span class='shine-effect'><\/span> \n\t\t\t\t\t\t\t\t\t <div class=\"yuzo-img\" style=\"background:url('https:\/\/www.transzportstudium.hu\/blog\/wp-content\/uploads\/2015\/06\/female-teen-driver-happy-150x150.jpg') 50% 50% no-repeat;width: 105px;height:65px;margin-bottom: 5px;background-size:  cover;  \"><\/div>\n\t\t\t\t\t\t  <\/div>\n\t\t\t\t\t\t  <\/a>\n\t\t\t\t\t\t  <a  class=\"link-list yuzo__text--title\" href=\"https:\/\/www.transzportstudium.hu\/blog\/2015\/06\/30\/holgyeknek-is-nyitott-a-palya-2-resz\/\" style=\"font-size:14px;;line-height:22px;\"> H\u00f6lgyeknek is nyitott a p\u00e1lya! 2. r\u00e9sz  <\/a>\n\t\t\t\t\t\t\t\t<span class=\"yuzo_text\" style=\"font-size:10px;\" >A cikksorozat els\u0151 r\u00e9sz\u00e9ben azt kezdt\u00fck el fejtegetni, hogy a h\u00f6lgyek hogy \u00e9rezhetik magukat \u00e9s mennyire lehetnek sikeresek az alapvet\u0151en f\u00e9rfias szak...<\/span>\n\t\t\t\t\t\t   \n\t\t\t\t\t\t<\/div>\n\t\t\t\t\t\t<div class=\"relatedthumb yuzo-list  \" style=\"\"  >  \n\t\t\t\t\t\t  <a  href=\"https:\/\/www.transzportstudium.hu\/blog\/2018\/12\/04\/ketto-az-egyben-2\/\" class=\"image-list\"  >\n\t\t\t\t\t\t  <div class=\"yuzo-img-wrap  ilen_shine \" style=\"width: 100px;height:65px;\">\n\t\t\t\t\t\t\t\t\t <span class='shine-effect'><\/span> \n\t\t\t\t\t\t\t\t\t <div class=\"yuzo-img\" style=\"background:url('https:\/\/www.transzportstudium.hu\/blog\/wp-content\/uploads\/2018\/12\/Transport-46-150x150.jpg') 50% 50% no-repeat;width: 105px;height:65px;margin-bottom: 5px;background-size:  cover;  \"><\/div>\n\t\t\t\t\t\t  <\/div>\n\t\t\t\t\t\t  <\/a>\n\t\t\t\t\t\t  <a  class=\"link-list yuzo__text--title\" href=\"https:\/\/www.transzportstudium.hu\/blog\/2018\/12\/04\/ketto-az-egyben-2\/\" style=\"font-size:14px;;line-height:22px;\"> Kett\u0151 az egyben  <\/a>\n\t\t\t\t\t\t\t\t<span class=\"yuzo_text\" style=\"font-size:10px;\" >Hivat\u00e1sos sof\u0151r\u00f6knek 2009 \u00f3ta k\u00f6telez\u0151 GKI tanfolyamon r\u00e9szt venni, hogy megszerezhess\u00e9k a GKI igazolv\u00e1nyukat, amivel jogosults\u00e1got szereznek a munk\u00e1j...<\/span>\n\t\t\t\t\t\t   \n\t\t\t\t\t\t<\/div>\n\t\t\t\t\t\t<div class=\"relatedthumb yuzo-list  \" style=\"\"  >  \n\t\t\t\t\t\t  <a  href=\"https:\/\/www.transzportstudium.hu\/blog\/2019\/10\/10\/biztonsagban-az-utakon-3\/\" class=\"image-list\"  >\n\t\t\t\t\t\t  <div class=\"yuzo-img-wrap  ilen_shine \" style=\"width: 100px;height:65px;\">\n\t\t\t\t\t\t\t\t\t <span class='shine-effect'><\/span> \n\t\t\t\t\t\t\t\t\t <div class=\"yuzo-img\" style=\"background:url('https:\/\/www.transzportstudium.hu\/blog\/wp-content\/uploads\/2019\/10\/Biztons\u00e1gban-az-utakon-150x150.jpg') 50% 50% no-repeat;width: 105px;height:65px;margin-bottom: 5px;background-size:  cover;  \"><\/div>\n\t\t\t\t\t\t  <\/div>\n\t\t\t\t\t\t  <\/a>\n\t\t\t\t\t\t  <a  class=\"link-list yuzo__text--title\" href=\"https:\/\/www.transzportstudium.hu\/blog\/2019\/10\/10\/biztonsagban-az-utakon-3\/\" style=\"font-size:14px;;line-height:22px;\"> Biztons\u00e1gban az utakon  <\/a>\n\t\t\t\t\t\t\t\t<span class=\"yuzo_text\" style=\"font-size:10px;\" >A vesz\u00e9lyes \u00e1ru sz\u00e1ll\u00edt\u00e1si biztons\u00e1gi tan\u00e1csad\u00f3 feladata sokr\u00e9t\u0171 \u00e9s nagy figyelmet k\u00edv\u00e1n. A felel\u0151ss\u00e9gteljes munkak\u00f6r folyamatosan kih\u00edv\u00e1st t\u00e1maszt a ...<\/span>\n\t\t\t\t\t\t   \n\t\t\t\t\t\t<\/div>\n\t\t\t\t\t\t<div class=\"relatedthumb yuzo-list  \" style=\"\"  >  \n\t\t\t\t\t\t  <a  href=\"https:\/\/www.transzportstudium.hu\/blog\/2015\/12\/17\/mit-kell-tudni-a-cmr-fuvarlevelrol\/\" class=\"image-list\"  >\n\t\t\t\t\t\t  <div class=\"yuzo-img-wrap  ilen_shine \" style=\"width: 100px;height:65px;\">\n\t\t\t\t\t\t\t\t\t <span class='shine-effect'><\/span> \n\t\t\t\t\t\t\t\t\t <div class=\"yuzo-img\" style=\"background:url('https:\/\/www.transzportstudium.hu\/blog\/wp-content\/uploads\/2015\/11\/shutterstock_97052630-150x150.jpg') 50% 50% no-repeat;width: 105px;height:65px;margin-bottom: 5px;background-size:  cover;  \"><\/div>\n\t\t\t\t\t\t  <\/div>\n\t\t\t\t\t\t  <\/a>\n\t\t\t\t\t\t  <a  class=\"link-list yuzo__text--title\" href=\"https:\/\/www.transzportstudium.hu\/blog\/2015\/12\/17\/mit-kell-tudni-a-cmr-fuvarlevelrol\/\" style=\"font-size:14px;;line-height:22px;\"> Mit kell tudni a CMR fuvarlev\u00e9lr\u0151l?  <\/a>\n\t\t\t\t\t\t\t\t<span class=\"yuzo_text\" style=\"font-size:10px;\" >A fuvaroz\u00e1s sor\u00e1n rengeteg szab\u00e1lyt be kell tartani, \u00e9s kiemelked\u0151 fontoss\u00e1ga van a megfelel\u0151 dokumentumok kit\u00f6lt\u00e9s\u00e9nek.\r\n\r\nEzen dokumentumok n\u00e9lk\u00fcl s...<\/span>\n\t\t\t\t\t\t   \n\t\t\t\t\t\t<\/div>\n<\/div>  <!-- End Yuzo :) -->","protected":false},"excerpt":{"rendered":"<p>B\u00e1r az id\u0151sebb taxisok hajlamosak panaszkodni, hogy a nyolcvanas \u00e9vekben volt igaz\u00e1n j\u00f3 a taxiz\u00e1s, az\u00e9rt a mai napig egy profit\u00e1bilis szakm\u00e1r\u00f3l besz\u00e9l\u00fcnk. A nagyv\u00e1rosokban \u00e9s f\u0151leg Budapesten egyre nagyobb ig\u00e9ny van a szolg\u00e1ltat\u00e1sra.&#46;&#46;&#46;<\/p>\n","protected":false},"author":3,"featured_media":1176,"comment_status":"open","ping_status":"open","sticky":false,"template":"","format":"standard","meta":{"footnotes":""},"categories":[235],"tags":[106,105,193,192,229],"class_list":["post-1175","post","type-post","status-publish","format-standard","has-post-thumbnail","hentry","category-szemelygepkocsis-tanfolyamok","tag-taxi","tag-taxi-gepkocsivezeto","tag-taxis-tanfolyam","tag-taxis-vizsga","tag-taxivezetoi-engedely"],"aioseo_notices":[],"_links":{"self":[{"href":"https:\/\/www.transzportstudium.hu\/blog\/wp-json\/wp\/v2\/posts\/1175","targetHints":{"allow":["GET"]}}],"collection":[{"href":"https:\/\/www.transzportstudium.hu\/blog\/wp-json\/wp\/v2\/posts"}],"about":[{"href":"https:\/\/www.transzportstudium.hu\/blog\/wp-json\/wp\/v2\/types\/post"}],"author":[{"embeddable":true,"href":"https:\/\/www.transzportstudium.hu\/blog\/wp-json\/wp\/v2\/users\/3"}],"replies":[{"embeddable":true,"href":"https:\/\/www.transzportstudium.hu\/blog\/wp-json\/wp\/v2\/comments?post=1175"}],"version-history":[{"count":1,"href":"https:\/\/www.transzportstudium.hu\/blog\/wp-json\/wp\/v2\/posts\/1175\/revisions"}],"predecessor-version":[{"id":1177,"href":"https:\/\/www.transzportstudium.hu\/blog\/wp-json\/wp\/v2\/posts\/1175\/revisions\/1177"}],"wp:featuredmedia":[{"embeddable":true,"href":"https:\/\/www.transzportstudium.hu\/blog\/wp-json\/wp\/v2\/media\/1176"}],"wp:attachment":[{"href":"https:\/\/www.transzportstudium.hu\/blog\/wp-json\/wp\/v2\/media?parent=1175"}],"wp:term":[{"taxonomy":"category","embeddable":true,"href":"https:\/\/www.transzportstudium.hu\/blog\/wp-json\/wp\/v2\/categories?post=1175"},{"taxonomy":"post_tag","embeddable":true,"href":"https:\/\/www.transzportstudium.hu\/blog\/wp-json\/wp\/v2\/tags?post=1175"}],"curies":[{"name":"wp","href":"https:\/\/api.w.org\/{rel}","templated":true}]}}