{"id":1160,"date":"2018-01-25T09:40:40","date_gmt":"2018-01-25T08:40:40","guid":{"rendered":"https:\/\/www.transzportstudium.hu\/blog\/?p=1160"},"modified":"2018-01-29T16:17:19","modified_gmt":"2018-01-29T15:17:19","slug":"milyen-adr-tanfolyam-valo-onnek","status":"publish","type":"post","link":"https:\/\/www.transzportstudium.hu\/blog\/2018\/01\/25\/milyen-adr-tanfolyam-valo-onnek\/","title":{"rendered":"Milyen ADR tanfolyam val\u00f3 \u00d6nnek?"},"content":{"rendered":"<p>Manaps\u00e1g egyre t\u00f6bb sz\u00e1ll\u00edtm\u00e1nyoz\u00e1si c\u00e9g v\u00e1rja el leend\u0151 dolgoz\u00f3it\u00f3l, g\u00e9pj\u00e1rm\u0171vezet\u0151it\u0151l, hogy rendelkezzenek ADR bizony\u00edtv\u00e1nnyal. A trendnek k\u00f6sz\u00f6nhet\u0151en sok sof\u0151r \u00e9rdekl\u0151dik az ADR tanfolyamok ir\u00e1nt, azonban ha megtekinti tanfolyam k\u00edn\u00e1latunkat, csak ebb\u0151l a k\u00e9pz\u00e9si form\u00e1b\u00f3l 13 f\u00e9l\u00e9t tal\u00e1l. Ez a cikk seg\u00edt eligazodni a tanfolyamtengerben.<\/p>\n<p>Az ADR egy vesz\u00e9lyes anyagokra vonatkoz\u00f3 nemzetk\u00f6zi szab\u00e1lyoz\u00e1s francia elnevez\u00e9s\u00e9nek r\u00f6vid\u00edt\u00e9se. Ha tov\u00e1bbi inform\u00e1ci\u00f3ra k\u00edv\u00e1ncsi az ADR-rel kapcsolatban, akkor kattintson <a href=\"https:\/\/www.transzportstudium.hu\/blog\/2015\/12\/25\/az-adr-jelentese\/\">ide<\/a>, majd t\u00e9rjen vissza erre a cikkre, amiben most ink\u00e1bb a tanfolyam kiv\u00e1laszt\u00e1s\u00e1ban seg\u00edt\u00fcnk.<\/p>\n<p>Az ADR tanfolyamokat alapvet\u0151en 2+2 kateg\u00f3ri\u00e1ba lehet besorolni. Mindegyik\u00fck m\u00e1s \u00e9s m\u00e1s szint\u0171 tud\u00e1st adnak, s\u0151t, el\u0151k\u00e9pzetts\u00e9gi felt\u00e9teleik is elt\u00e9r\u0151ek. Egy valamiben viszont nincs k\u00fcl\u00f6nbs\u00e9g. A megszerzett ADR tan\u00fas\u00edtv\u00e1ny nem sz\u00f3l \u00f6r\u00f6k\u00e9letre. \u00d6t\u00e9vente ismeretfel\u00faj\u00edt\u00f3 vizsg\u00e1t kell tenni annak \u00e9rdek\u00e9ben, hogy tud\u00e1s\u00e1t a v\u00e1ltoz\u00f3 technol\u00f3gi\u00e1khoz \u00e9s szab\u00e1lyokhoz igaz\u00edtsa. <strong>Fontos, hogy az ismeretfel\u00faj\u00edt\u00e1snak m\u00e9g a tan\u00fas\u00edtv\u00e1ny lej\u00e1rta el\u0151tt meg kell t\u00f6rt\u00e9nnie<\/strong>, m\u00e1sk\u00fcl\u00f6nben \u00fajra ADR alaptanfolyamra kell menni, ami l\u00e9nyegesen nagyobb p\u00e9nz \u00e9s id\u0151befektet\u00e9ssel j\u00e1r.<\/p>\n<p><strong>\u00a0<\/strong><\/p>\n<div id=\"attachment_1161\" style=\"width: 910px\" class=\"wp-caption aligncenter\"><img loading=\"lazy\" decoding=\"async\" aria-describedby=\"caption-attachment-1161\" class=\"size-full wp-image-1161\" src=\"https:\/\/www.transzportstudium.hu\/blog\/wp-content\/uploads\/2018\/01\/Milyen_ADR_tanfolyam_valo_Onnek_sml.jpg\" alt=\"Milyen ADR tanfolyam val\u00f3 \u00f6nnek?\" width=\"900\" height=\"675\" srcset=\"https:\/\/www.transzportstudium.hu\/blog\/wp-content\/uploads\/2018\/01\/Milyen_ADR_tanfolyam_valo_Onnek_sml.jpg 900w, https:\/\/www.transzportstudium.hu\/blog\/wp-content\/uploads\/2018\/01\/Milyen_ADR_tanfolyam_valo_Onnek_sml-300x225.jpg 300w, https:\/\/www.transzportstudium.hu\/blog\/wp-content\/uploads\/2018\/01\/Milyen_ADR_tanfolyam_valo_Onnek_sml-768x576.jpg 768w\" sizes=\"auto, (max-width: 900px) 100vw, 900px\" \/><p id=\"caption-attachment-1161\" class=\"wp-caption-text\">Milyen ADR tanfolyam val\u00f3 \u00f6nnek?<\/p><\/div>\n<h3>ADR 1.3 fejezete szerinti oktat\u00e1s<\/h3>\n<p>Ez a k\u00e9pz\u00e9s azoknak sz\u00fcks\u00e9ges, akik vesz\u00e9lyes anyagokkal foglalkoznak munk\u00e1juk sor\u00e1n (rakt\u00e1rozz\u00e1k, csomagolj\u00e1k, felhaszn\u00e1lj\u00e1k az anyagokat), akik maguk ugyan nem vezetnek g\u00e9pj\u00e1rm\u0171vet, de olyan c\u00e9gn\u00e9l dolgoznak, amely vesz\u00e9lyes \u00e1ruk sz\u00e1ll\u00edt\u00e1s\u00e1ban \u00e9rintett. A r\u00f6vid, h\u00e1rom szegmensb\u0151l \u00e1ll\u00f3 tanfolyamr\u00f3l <a href=\"\/tanfolyamok\/adr-tanfolyamok\/65_adr-13-fejezete-szerinti-oktatas\">ide kattintva<\/a> olvashat r\u00e9szletesebben.<\/p>\n<h3>ADR nem-tart\u00e1nyos k\u00e9pz\u00e9sek<\/h3>\n<p>Ezekre a k\u00e9pz\u00e9sekre akkor van sz\u00fcks\u00e9g, ha g\u00e9pj\u00e1rm\u0171vezet\u0151k\u00e9nt \u00f6mlesztett vagy k\u00fcldem\u00e9nydarabos form\u00e1ban szeretne vesz\u00e9lyes anyagokat sz\u00e1ll\u00edtani. Konyhanyelven ezek lesznek azok a sz\u00e1ll\u00edt\u00e1si m\u00f3dok, ahol nem \u201etankerrel\u201d hanem \u2013 folyad\u00e9k eset\u00e9n \u2013 hord\u00f3kba, vagy valamilyen form\u00e1ban csomagolva (k\u00fcldem\u00e9nydarabos) kell a vesz\u00e9lyes \u00e1rut sz\u00e1ll\u00edtania. Szil\u00e1rd halmaz\u00e1llapot\u00fa anyag eset\u00e9n t\u00f6rt\u00e9nhet egyben (nem k\u00fcldem\u00e9ny-darabba csomagolva), ponyv\u00e1s, vagy sz\u00e1ll\u00edt\u00f3-kont\u00e9nerekbe rakva \u00f6mlesztve sz\u00e1ll\u00edtani p\u00e9ld\u00e1ul a g\u00e9pj\u00e1rm\u0171 akkuml\u00e1torokat.<\/p>\n<p>Els\u0151k\u00e9nt az <a href=\"\/tanfolyamok\/adr-tanfolyamok\/12_adr-nem-tartanyos-alapkepzes\">ADR nem-tart\u00e1nyos alapk\u00e9pz\u00e9s<\/a> elv\u00e9gz\u00e9s\u00e9re lesz sz\u00fcks\u00e9g. Ezt k\u00e9s\u0151bb ki lehet eg\u00e9sz\u00edteni az <a href=\"\/tanfolyamok\/adr-tanfolyamok\/28_adr-nem-tartanyos-szakosito\">ADR nem-tart\u00e1nyos szakos\u00edt\u00f3 tanfolyammal<\/a>, amivel a t\u00f6bbi vesz\u00e9lyes anyag mellett m\u00e1r robban\u00f3- \u00e9s sug\u00e1rz\u00f3 anyagok sz\u00e1ll\u00edt\u00e1s\u00e1ra is bizony\u00edtv\u00e1nyt szerezhet. Ut\u00f3bbihoz el\u0151felt\u00e9tel az alapfok\u00fa sug\u00e1rv\u00e9delmi bizony\u00edtv\u00e1ny megszerz\u00e9se.<\/p>\n<p><em>Az ismeretfel\u00faj\u00edt\u00f3 vizsg\u00e1k elv\u00e9gz\u00e9s\u00e9re term\u00e9szetesen a kor\u00e1bban ismertetett \u00f6t \u00e9ves hat\u00e1rid\u0151n bel\u00fcl lesz sz\u00fcks\u00e9g.<\/em><\/p>\n<p>Mivel a nem-tart\u00e1nyos j\u00e1rm\u0171vek est\u00e9ben t\u00f6rt\u00e9nhet a sz\u00e1ll\u00edt\u00e1s 3,5 tonna \u00f6sszt\u00f6meg alatti kisteheraut\u00f3val is, a k\u00e9pz\u00e9sek \u00e1ltal\u00e1nos el\u0151felt\u00e9tele csup\u00e1n annyi, hogy a jelentkez\u0151 rendelkezzen legal\u00e1bb k\u00e9t \u00e9ves, minimum B kateg\u00f3ri\u00e1s jogos\u00edtv\u00e1nnyal \u00e9s t\u00f6ltse be legal\u00e1bb a 20. \u00e9let\u00e9v\u00e9t.<\/p>\n<h3>ADR tart\u00e1nyos k\u00e9pz\u00e9sek<\/h3>\n<p>Ide m\u00e1r csak a &#8222;nagyvasak&#8221; tartoznak, el\u0151felt\u00e9tel a minimum C kateg\u00f3ri\u00e1s jogos\u00edtv\u00e1ny \u00e9s \u00e9rv\u00e9nyes nem-tart\u00e1nyos bizony\u00edtv\u00e1ny. K\u00f6znapi nyelven t\u00f6bbnyire ide tartoznak a nagy vontatm\u00e1nyt h\u00faz\u00f3 \u201etankerek\u201d.<\/p>\n<p>Ha az el\u0151z\u0151 bekezd\u00e9sekben foglaltaknak megfelelt, els\u0151k\u00e9nt <a href=\"\/tanfolyamok\/adr-tanfolyamok\/26_adr-tartanyjarmu-kezelese\">ADR tart\u00e1nyj\u00e1rm\u0171 kezel\u00e9se tanfolyamon<\/a> kell r\u00e9szt vennie, amelynek v\u00e9g\u00e9n hat\u00f3s\u00e1gi vizsga nincs, csak egy igazol\u00e1st kap.<\/p>\n<p>Ha megvan az igazol\u00e1s, k\u00f6vetkezhet az \u201e<a href=\"\/tanfolyamok\/adr-tanfolyamok\/31_adr-kiterjesztes-mas-tartanyos-arucsoportra\">ADR kiterjeszt\u00e9s m\u00e1s \u00e1rucsoportokra<\/a>\u201d c\u00edm\u0171 tanfolyam, amelynek v\u00e9g\u00e9n m\u00e1r hat\u00f3s\u00e1gi vizsg\u00e1t is kell tenni. A sikeresen levizsg\u00e1zott szem\u00e9ly bizony\u00edtv\u00e1ny\u00e1val a T2 (vesz\u00e9lyes g\u00e1zok), T3 (vesz\u00e9lyes folyad\u00e9kok), T5.1-9 (egy\u00e9b vesz\u00e9lyes foly\u00e9kony anyagok) kateg\u00f3ri\u00e1kba sorolhat\u00f3 vesz\u00e9lyes anyagokat sz\u00e1ll\u00edthat tart\u00e1nyos fel\u00e9p\u00edtm\u00e9nnyel.<\/p>\n<p>Ha ezek ut\u00e1n is tov\u00e1bb szeretne l\u00e9pni, specializ\u00e1l\u00f3dhat egyes vesz\u00e9lyes anyag t\u00edpusokra az <a href=\"\/tanfolyamok\/adr-tanfolyamok\/29_adr-tartanyos-szakosito\">ADR tart\u00e1nyos szakos\u00edt\u00f3<\/a> vizsg\u00e1val. Annak f\u00fcggv\u00e9ny\u00e9ben, hogy mit k\u00edv\u00e1n a j\u00f6v\u0151ben sz\u00e1ll\u00edtani a fuvaroz\u00f3, lehet tanulni a g\u00e1zok, gy\u00fal\u00e9kony foly\u00e9kony anyagok, m\u00e9rgez\u0151 anyagok stb., sz\u00e1ll\u00edt\u00e1s\u00e1ra \u00e9s persze magukra az anyagokra vonatkoz\u00f3 ismereteket.<\/p>\n<p>Az ismeretfel\u00faj\u00edt\u00f3 vizsg\u00e1k elv\u00e9gz\u00e9s\u00e9re term\u00e9szetesen a kor\u00e1bban ismertetett \u00f6t \u00e9ves hat\u00e1rid\u0151n bel\u00fcl lesz sz\u00fcks\u00e9g.<\/p>\n<h3>ADR vesz\u00e9lyes \u00e1ru sz\u00e1ll\u00edt\u00e1si biztons\u00e1gi tan\u00e1csad\u00f3<\/h3>\n<p>Vesz\u00e9lyes \u00e1ruk sz\u00e1ll\u00edt\u00e1sa csak biztons\u00e1gi tan\u00e1csad\u00f3 szakv\u00e9lem\u00e9nye alapj\u00e1n lehets\u00e9ges. Minden olyan v\u00e1llalkoz\u00e1snak, amelynek f\u0151 vagy mell\u00e9ktev\u00e9kenys\u00e9gei k\u00f6z\u00e9 tartozik az ADR hat\u00e1lya al\u00e1 tartoz\u00f3 \u00e1ruk sz\u00e1ll\u00edt\u00e1sa, sz\u00e1ll\u00edtm\u00e1nyoz\u00e1sa, fuvaroz\u00e1sa; be \u00e9s\/vagy kirakod\u00e1sa; t\u00e1rol\u00e1sa; csomagol\u00e1sa; illetve ilyen \u00e1ruk felad\u00f3i vagy c\u00edmzettje, t\u00f6rv\u00e9nyben meghat\u00e1rozott k\u00f6teless\u00e9ge ADR vizsg\u00e1t megszerzett tan\u00e1csad\u00f3 alkalmaz\u00e1sa. A <a href=\"\/tanfolyamok\/adr-tanfolyamok\/34_adr-veszelyes-aru-szallitasi-biztonsagi-tanacsado\">tanfolyam<\/a> elv\u00e9gz\u00e9s\u00e9nek felt\u00e9telei szigor\u00faak. Csak az jelentkezhet, aki fels\u0151fok\u00fa v\u00e9gzetts\u00e9ggel rendelkezik \u00e9s legal\u00e1bb k\u00e9t \u00e9vig vesz\u00e9lyes \u00e1ru sz\u00e1ll\u00edt\u00e1ssal kapcsolatos feladatot l\u00e1tott el, vagy k\u00f6z\u00e9pfok\u00fa v\u00e9gzetts\u00e9ggel rendelkezik \u00e9s legal\u00e1bb \u00f6t \u00e9vig vesz\u00e9lyes \u00e1ru sz\u00e1ll\u00edt\u00e1ssal kapcsolatos feladatot l\u00e1tott el, vagy az ADN-nel, ADR-rel vagy RID-del kapcsolatos hat\u00f3s\u00e1gi feladatot l\u00e1t el. Err\u0151l a tanfolyamr\u00f3l\u00a0is sz\u00e1mos kor\u00e1bbi blog bejegyz\u00e9s\u00fcnk van, ahol tov\u00e1bbi r\u00e9szleteket olvashat. Ilyen p\u00e9ld\u00e1ul az <a href=\"\/blog\/2015\/03\/31\/az-adr-tanacsado-szerepe\/\">ADR vesz\u00e9lyes \u00e1ru sz\u00e1ll\u00edt\u00e1si biztons\u00e1gi tan\u00e1csad\u00f3 szerepe a v\u00e1llalat \u00e9let\u00e9ben<\/a>.<\/p>\n<h3>Jelentkez\u00e9s<\/h3>\n<p>Tanfolyamainkra egyszer\u0171en jelentkezhet, ak\u00e1r <a href=\"\/jelentkezes\">online<\/a>, ak\u00e1r telefonon, vagy ak\u00e1r szem\u00e9lyesen <a href=\"\/elerhetosegek\">iskol\u00e1nkban<\/a>. Amennyiben tov\u00e1bbi k\u00e9rd\u00e9se van, keressen minket bizalommal <a href=\"\/elerhetosegek\">el\u00e9rhet\u0151s\u00e9geink<\/a> egyik\u00e9n.<\/p>\n<!-- Begin Yuzo --><div class='yuzo_related_post style-2'  data-version='5.12.88'><!-- without result --><div class='yuzo_clearfixed yuzo__title yuzo__title'><h3>Hasonl\u00f3 cikkek<\/h3><\/div>\n\t\t\t\t\t\t<div class=\"relatedthumb yuzo-list  \" style=\"\"  >  \n\t\t\t\t\t\t  <a  href=\"https:\/\/www.transzportstudium.hu\/blog\/2018\/05\/01\/a-szemelytaxis-es-szemelygepkocsis-szemelyszallito-vallalkozo-tanfolyam\/\" class=\"image-list\"  >\n\t\t\t\t\t\t  <div class=\"yuzo-img-wrap  ilen_shine \" style=\"width: 100px;height:65px;\">\n\t\t\t\t\t\t\t\t\t <span class='shine-effect'><\/span> \n\t\t\t\t\t\t\t\t\t <div class=\"yuzo-img\" style=\"background:url('https:\/\/www.transzportstudium.hu\/blog\/wp-content\/uploads\/2018\/04\/Transport_07-150x150.jpg') 50% 50% no-repeat;width: 105px;height:65px;margin-bottom: 5px;background-size:  cover;  \"><\/div>\n\t\t\t\t\t\t  <\/div>\n\t\t\t\t\t\t  <\/a>\n\t\t\t\t\t\t  <a  class=\"link-list yuzo__text--title\" href=\"https:\/\/www.transzportstudium.hu\/blog\/2018\/05\/01\/a-szemelytaxis-es-szemelygepkocsis-szemelyszallito-vallalkozo-tanfolyam\/\" style=\"font-size:14px;;line-height:22px;\"> A szem\u00e9lytaxis \u00e9s szem\u00e9lyg\u00e9pkocsis szem\u00e9lysz\u00e1ll\u00edt\u00f3...  <\/a>\n\t\t\t\t\t\t\t\t<span class=\"yuzo_text\" style=\"font-size:10px;\" >Van egy j\u00f3 h\u00edr\u00fcnk: kor\u00e1bban k\u00fcl\u00f6n tanfolyamra kellett j\u00e1rnia azoknak, akik szem\u00e9lyg\u00e9pkocsis szem\u00e9lysz\u00e1ll\u00edt\u00e1ssal szerettek volna foglalkozni, \u00e9s azokna...<\/span>\n\t\t\t\t\t\t   \n\t\t\t\t\t\t<\/div>\n\t\t\t\t\t\t<div class=\"relatedthumb yuzo-list  \" style=\"\"  >  \n\t\t\t\t\t\t  <a  href=\"https:\/\/www.transzportstudium.hu\/blog\/2019\/02\/28\/a-taxis-vizsga-es-ami-utana-van\/\" class=\"image-list\"  >\n\t\t\t\t\t\t  <div class=\"yuzo-img-wrap  ilen_shine \" style=\"width: 100px;height:65px;\">\n\t\t\t\t\t\t\t\t\t <span class='shine-effect'><\/span> \n\t\t\t\t\t\t\t\t\t <div class=\"yuzo-img\" style=\"background:url('https:\/\/www.transzportstudium.hu\/blog\/wp-content\/uploads\/2019\/02\/Taxi-150x150.jpg') 50% 50% no-repeat;width: 105px;height:65px;margin-bottom: 5px;background-size:  cover;  \"><\/div>\n\t\t\t\t\t\t  <\/div>\n\t\t\t\t\t\t  <\/a>\n\t\t\t\t\t\t  <a  class=\"link-list yuzo__text--title\" href=\"https:\/\/www.transzportstudium.hu\/blog\/2019\/02\/28\/a-taxis-vizsga-es-ami-utana-van\/\" style=\"font-size:14px;;line-height:22px;\"> A taxis vizsga \u00e9s ami ut\u00e1na van  <\/a>\n\t\t\t\t\t\t\t\t<span class=\"yuzo_text\" style=\"font-size:10px;\" >Egy j\u00f3 taxisnak sok mindent kell tudnia ahhoz, hogy ne csak p\u00e9nzt keressen, de szeress\u00e9k is az utasok. Egy taxis vizsga keret\u00e9ben ezek nem felt\u00e9tlen\u00fcl...<\/span>\n\t\t\t\t\t\t   \n\t\t\t\t\t\t<\/div>\n\t\t\t\t\t\t<div class=\"relatedthumb yuzo-list  \" style=\"\"  >  \n\t\t\t\t\t\t  <a  href=\"https:\/\/www.transzportstudium.hu\/blog\/2019\/05\/21\/profi-adr-oktatas\/\" class=\"image-list\"  >\n\t\t\t\t\t\t  <div class=\"yuzo-img-wrap  ilen_shine \" style=\"width: 100px;height:65px;\">\n\t\t\t\t\t\t\t\t\t <span class='shine-effect'><\/span> \n\t\t\t\t\t\t\t\t\t <div class=\"yuzo-img\" style=\"background:url('https:\/\/www.transzportstudium.hu\/blog\/wp-content\/uploads\/2018\/12\/otpad-kod-nas21-150x150.jpg') 50% 50% no-repeat;width: 105px;height:65px;margin-bottom: 5px;background-size:  cover;  \"><\/div>\n\t\t\t\t\t\t  <\/div>\n\t\t\t\t\t\t  <\/a>\n\t\t\t\t\t\t  <a  class=\"link-list yuzo__text--title\" href=\"https:\/\/www.transzportstudium.hu\/blog\/2019\/05\/21\/profi-adr-oktatas\/\" style=\"font-size:14px;;line-height:22px;\"> Profi ADR oktat\u00e1s  <\/a>\n\t\t\t\t\t\t\t\t<span class=\"yuzo_text\" style=\"font-size:10px;\" >Mindig is k\u00f6ztudott volt, hogy a magyarok kiv\u00e9teles szellemi t\u0151k\u00e9t mondhatnak maguk\u00e9nak, \u00e9s igaz ez az ADR oktat\u00e1sra is. Aki n\u00e1lunk tanul, fels\u0151fokon ...<\/span>\n\t\t\t\t\t\t   \n\t\t\t\t\t\t<\/div>\n\t\t\t\t\t\t<div class=\"relatedthumb yuzo-list  \" style=\"\"  >  \n\t\t\t\t\t\t  <a  href=\"https:\/\/www.transzportstudium.hu\/blog\/2015\/02\/26\/elveszett-gepkezeloi-igazolvany-potlasa\/\" class=\"image-list\"  >\n\t\t\t\t\t\t  <div class=\"yuzo-img-wrap  ilen_shine \" style=\"width: 100px;height:65px;\">\n\t\t\t\t\t\t\t\t\t <span class='shine-effect'><\/span> \n\t\t\t\t\t\t\t\t\t <div class=\"yuzo-img\" style=\"background:url('https:\/\/www.transzportstudium.hu\/blog\/wp-content\/uploads\/2015\/02\/uj-gepkezelo-jogositvanyok-150x150.jpg') 50% 50% no-repeat;width: 105px;height:65px;margin-bottom: 5px;background-size:  cover;  \"><\/div>\n\t\t\t\t\t\t  <\/div>\n\t\t\t\t\t\t  <\/a>\n\t\t\t\t\t\t  <a  class=\"link-list yuzo__text--title\" href=\"https:\/\/www.transzportstudium.hu\/blog\/2015\/02\/26\/elveszett-gepkezeloi-igazolvany-potlasa\/\" style=\"font-size:14px;;line-height:22px;\"> Elveszett G\u00e9pkezel\u0151i igazolv\u00e1ny p\u00f3tl\u00e1sa  <\/a>\n\t\t\t\t\t\t\t\t<span class=\"yuzo_text\" style=\"font-size:10px;\" >Azok a g\u00e9pkezel\u0151k, akik a megfelel\u0151 OKJ-s tanfolyamon az emel\u0151g\u00e9pek, f\u00f6ldmunkag\u00e9pek vagy targonc\u00e1k kezel\u00e9s\u00e9t saj\u00e1t\u00edtott\u00e1k el, a v\u00e9g\u00e9n g\u00e9pkezel\u0151i jogos...<\/span>\n\t\t\t\t\t\t   \n\t\t\t\t\t\t<\/div>\n<\/div>  <!-- End Yuzo :) -->","protected":false},"excerpt":{"rendered":"<p>Manaps\u00e1g egyre t\u00f6bb sz\u00e1ll\u00edtm\u00e1nyoz\u00e1si c\u00e9g v\u00e1rja el leend\u0151 dolgoz\u00f3it\u00f3l, g\u00e9pj\u00e1rm\u0171vezet\u0151it\u0151l, hogy rendelkezzenek ADR bizony\u00edtv\u00e1nnyal. A trendnek k\u00f6sz\u00f6nhet\u0151en sok sof\u0151r \u00e9rdekl\u0151dik az ADR tanfolyamok ir\u00e1nt, azonban ha megtekinti tanfolyam k\u00edn\u00e1latunkat, csak ebb\u0151l a k\u00e9pz\u00e9si form\u00e1b\u00f3l&#46;&#46;&#46;<\/p>\n","protected":false},"author":3,"featured_media":1161,"comment_status":"open","ping_status":"open","sticky":false,"template":"","format":"standard","meta":{"footnotes":""},"categories":[2],"tags":[224,96,175,149,174,173,71,186,233,72,104],"class_list":["post-1160","post","type-post","status-publish","format-standard","has-post-thumbnail","hentry","category-adr","tag-adr","tag-adr-1-3-fejezet","tag-adr-biztonsagi-tanacsado","tag-adr-igazolvany","tag-adr-kepzes","tag-adr-nem-tartanyos","tag-adr-tanfolyam","tag-adr-tartanyos","tag-adr-veszelyes-aru-szallitasi-biztonsagi-tanacsado","tag-adr-vizsga","tag-veszelyes-aru-szallitas"],"aioseo_notices":[],"_links":{"self":[{"href":"https:\/\/www.transzportstudium.hu\/blog\/wp-json\/wp\/v2\/posts\/1160","targetHints":{"allow":["GET"]}}],"collection":[{"href":"https:\/\/www.transzportstudium.hu\/blog\/wp-json\/wp\/v2\/posts"}],"about":[{"href":"https:\/\/www.transzportstudium.hu\/blog\/wp-json\/wp\/v2\/types\/post"}],"author":[{"embeddable":true,"href":"https:\/\/www.transzportstudium.hu\/blog\/wp-json\/wp\/v2\/users\/3"}],"replies":[{"embeddable":true,"href":"https:\/\/www.transzportstudium.hu\/blog\/wp-json\/wp\/v2\/comments?post=1160"}],"version-history":[{"count":2,"href":"https:\/\/www.transzportstudium.hu\/blog\/wp-json\/wp\/v2\/posts\/1160\/revisions"}],"predecessor-version":[{"id":1163,"href":"https:\/\/www.transzportstudium.hu\/blog\/wp-json\/wp\/v2\/posts\/1160\/revisions\/1163"}],"wp:featuredmedia":[{"embeddable":true,"href":"https:\/\/www.transzportstudium.hu\/blog\/wp-json\/wp\/v2\/media\/1161"}],"wp:attachment":[{"href":"https:\/\/www.transzportstudium.hu\/blog\/wp-json\/wp\/v2\/media?parent=1160"}],"wp:term":[{"taxonomy":"category","embeddable":true,"href":"https:\/\/www.transzportstudium.hu\/blog\/wp-json\/wp\/v2\/categories?post=1160"},{"taxonomy":"post_tag","embeddable":true,"href":"https:\/\/www.transzportstudium.hu\/blog\/wp-json\/wp\/v2\/tags?post=1160"}],"curies":[{"name":"wp","href":"https:\/\/api.w.org\/{rel}","templated":true}]}}