{"id":1152,"date":"2018-01-30T09:12:32","date_gmt":"2018-01-30T08:12:32","guid":{"rendered":"https:\/\/www.transzportstudium.hu\/blog\/?p=1152"},"modified":"2018-01-30T11:27:41","modified_gmt":"2018-01-30T10:27:41","slug":"kinek-van-szuksege-vallalkozoi-kepzesre","status":"publish","type":"post","link":"https:\/\/www.transzportstudium.hu\/blog\/2018\/01\/30\/kinek-van-szuksege-vallalkozoi-kepzesre\/","title":{"rendered":"Kinek van sz\u00fcks\u00e9ge v\u00e1llalkoz\u00f3i k\u00e9pz\u00e9sre?"},"content":{"rendered":"<p>Az internetes v\u00e1llalkoz\u00e1sok aranykor\u00e1ban, a DIY m\u00f3dszerek terjed\u00e9s\u00e9vel felmer\u00fclhet a k\u00e9rd\u00e9s, hogy mi sz\u00fcks\u00e9g van a k\u00f6z\u00fati fuvaroz\u00f3knak a v\u00e1llalkoz\u00f3i k\u00e9pz\u00e9sekre?<\/p>\n<p>Az <a href=\"\/tanfolyamok\/vallalkozoi-szaktanfolyamok\/7_arufuvarozo-vallalkozo\">\u00e1rufuvaroz\u00e1ssal<\/a>, <a href=\"\/tanfolyamok\/vallalkozoi-szaktanfolyamok\/9_autobuszos-szemelyszallito-vallalkozo\">aut\u00f3buszos<\/a> vagy <a href=\"\/tanfolyamok\/vallalkozoi-szaktanfolyamok\/71_szemelytaxis-es-szemelygepkocsis-szemelyszallito-vallalkozo-tanfolyam\">szem\u00e9lykocsis sz\u00e1ll\u00edt\u00e1ssal<\/a> foglalkoz\u00f3 v\u00e1llalkoz\u00f3knak \u00e9s a <a href=\"\/tanfolyamok\/vallalkozoi-szaktanfolyamok\/71_szemelytaxis-es-szemelygepkocsis-szemelyszallito-vallalkozo-tanfolyam\">taxisoknak<\/a> is korm\u00e1nyrendeletben meghat\u00e1rozott szab\u00e1lyok szerint rendelkezni\u00fck kell megfelel\u0151 v\u00e1llalkoz\u00f3i k\u00e9pz\u00e9s sor\u00e1n szerzett bizony\u00edtv\u00e1nnyal.<\/p>\n<div id=\"attachment_1155\" style=\"width: 910px\" class=\"wp-caption aligncenter\"><img loading=\"lazy\" decoding=\"async\" aria-describedby=\"caption-attachment-1155\" class=\"size-full wp-image-1155\" src=\"https:\/\/www.transzportstudium.hu\/blog\/wp-content\/uploads\/2018\/01\/vallalkozoi_kepzes.jpg\" alt=\"Kinek van sz\u00fcks\u00e9ge v\u00e1llalkoz\u00f3i k\u00e9pz\u00e9sre?\" width=\"900\" height=\"600\" srcset=\"https:\/\/www.transzportstudium.hu\/blog\/wp-content\/uploads\/2018\/01\/vallalkozoi_kepzes.jpg 900w, https:\/\/www.transzportstudium.hu\/blog\/wp-content\/uploads\/2018\/01\/vallalkozoi_kepzes-300x200.jpg 300w, https:\/\/www.transzportstudium.hu\/blog\/wp-content\/uploads\/2018\/01\/vallalkozoi_kepzes-768x512.jpg 768w\" sizes=\"auto, (max-width: 900px) 100vw, 900px\" \/><p id=\"caption-attachment-1155\" class=\"wp-caption-text\">Kinek van sz\u00fcks\u00e9ge v\u00e1llalkoz\u00f3i k\u00e9pz\u00e9sre?<\/p><\/div>\n<p>V\u00e1llalkoz\u00e1st ind\u00edtani az \u00fcgyf\u00e9lkapun kereszt\u00fcl ma m\u00e1r n\u00e9h\u00e1ny \u00f3ra alatt lehet, azonban a megfelel\u0151 tev\u00e9kenys\u00e9gi k\u00f6rh\u00f6z sz\u00fcks\u00e9ges k\u00e9pz\u00e9s megl\u00e9t\u00e9t sz\u00far\u00f3pr\u00f3ba szer\u0171en ellen\u0151rzik a hat\u00f3s\u00e1gok. <strong>A jogalap n\u00e9lk\u00fcli (teh\u00e1t k\u00e9pes\u00edt\u00e9ssel nem rendelkezve folytatott), d\u00edj ellen\u00e9ben v\u00e9gzett sz\u00e1ll\u00edtm\u00e1nyoz\u00e1st a t\u00f6rv\u00e9ny az egy \u00e9vre visszamen\u0151leg megszerzett bev\u00e9tel sz\u00e1zal\u00e9kos ar\u00e1ny\u00e1ban b\u00fcnteti<\/strong>, \u00edgy nem \u00e9rdemes hazard\u00edrozni.<\/p>\n<h3>Nem csak b\u00fcrokr\u00e1cia a v\u00e1llalkoz\u00f3i k\u00e9pz\u00e9s<\/h3>\n<p>T\u00e9ved\u00e9s lenne azonban azt felt\u00e9telezni, hogy a v\u00e1llalkoz\u00f3i k\u00e9pz\u00e9s csup\u00e1n egy sarc a sok k\u00f6z\u00fcl, amelyet az \u00e1llam megk\u00f6vetel a fuvaroz\u00f3kt\u00f3l. A tanfolyam val\u00f3ban felk\u00e9sz\u00edt azokra a kih\u00edv\u00e1sokra, amelyekre egy fuvaroz\u00f3nak sz\u00e1m\u00edtania kell, ha v\u00e1llalkoz\u00e1st ind\u00edt. <strong>Jogi, gazdas\u00e1gi, munka\u00fcgyi, \u00e1rufuvaroz\u00e1si, gazdas\u00e1gi, p\u00e9nz\u00fcgyi, m\u0171szaki \u00e9s v\u00e1mismeretek is szerepelnek a tant\u00e1rgyak k\u00f6z\u00f6tt<\/strong>.<\/p>\n<p>Tov\u00e1bbi el\u0151ny, hogy az eml\u00edtett ter\u00fcletekkel kapcsolatban nem csak elm\u00e9leti tesztet k\u00f6vetelnek meg a hallgat\u00f3kt\u00f3l, hanem <strong>esettanulm\u00e1nyokat<\/strong> is kell k\u00e9sz\u00edteni\u00fck. Ezek \u00f6nmag\u00e1ban megalapozz\u00e1k a v\u00e1llalkoz\u00e1s komolys\u00e1g\u00e1t, j\u00f6v\u0151beni sikeress\u00e9g\u00e9t, \u00e9s seg\u00edtenek abban is, hogy a leend\u0151 v\u00e1llalkoz\u00f3k elker\u00fclj\u00e9k a b\u00edrs\u00e1gokat. A tanfolyam sor\u00e1n sz\u00e1mos feln\u0151ttk\u00e9pz\u00e9si szolg\u00e1ltat\u00e1st is ny\u00fajtunk.<\/p>\n<h3>Ki jelentkezhet sz\u00e1ll\u00edtm\u00e1nyoz\u00e1ssal \u00e9s\/vagy szem\u00e9lysz\u00e1ll\u00edt\u00e1ssal foglalkoz\u00f3 v\u00e1llalkoz\u00f3i k\u00e9pz\u00e9sre?<\/h3>\n<p>A <a href=\"\/tanfolyamok#2-vallalkozoi-szaktanfolyamok\">v\u00e1llalkoz\u00f3i k\u00e9pz\u00e9sekre<\/a> alapvet\u0151en mindenf\u00e9le k\u00f6t\u00f6tts\u00e9g n\u00e9lk\u00fcl jelentkezhet b\u00e1rki, <strong>a tanfolyamok elv\u00e9gz\u00e9s\u00e9nek el\u0151felt\u00e9tele nincs<\/strong>. Term\u00e9szetesen a j\u00f6v\u0151beni v\u00e1llalkoz\u00e1s sor\u00e1n, ha a hallgat\u00f3 maga is g\u00e9pj\u00e1rm\u0171vet vezetne, akkor a megfelel\u0151 kateg\u00f3ri\u00e1hoz tartoz\u00f3 <a href=\"\/tanfolyamok#1-gepkocsivezetoi-szaktanfolyamok-gki-tanfolyam\">GKI<\/a>, vagy <a href=\"\/tanfolyamok#6-szemelygepkocsis-tanfolyamok\">szem\u00e9lyg\u00e9pkocsis g\u00e9pkocsivezet\u0151i<\/a> k\u00e9pz\u00e9seken r\u00e9szt kell vennie.<\/p>\n<h3>Milyen anyagi befektet\u00e9ssel j\u00e1r egy v\u00e1llalkoz\u00f3i k\u00e9pz\u00e9s elv\u00e9gz\u00e9se?<\/h3>\n<p>A v\u00e1llalkoz\u00f3i k\u00e9pz\u00e9sek k\u00f6z\u00fcl a szem\u00e9lykocsis \u00e9s a taxis 57 ezer forintba ker\u00fcl, m\u00edg az aut\u00f3buszos 135 ezer, az \u00e1rufuvaroz\u00f3 v\u00e1llalkoz\u00f3i tanfolyam pedig 171 ezer forintba ker\u00fcl.<\/p>\n<h3>Mennyi id\u0151 alatt lehet elv\u00e9gezni egy v\u00e1llalkoz\u00f3i k\u00e9pz\u00e9st?<\/h3>\n<p>Tanfolyamt\u00f3l f\u00fcgg\u0151en 36-96 \u00f3ra elv\u00e9gezni ezeket a v\u00e1llalkoz\u00f3i k\u00e9pz\u00e9seket. Az \u00e1rufuvaroz\u00f3 \u00e9s az aut\u00f3buszos v\u00e1llalkoz\u00f3i tanfolyamok jellemz\u0151en t\u00f6bb \u00f3rasz\u00e1mmal rendelkeznek, \u00e9s a tant\u00e1rgyak al\u00f3l felment\u00e9s nem k\u00e9rhet\u0151, azokon a r\u00e9szv\u00e9tel k\u00f6telez\u0151. A szem\u00e9lysz\u00e1ll\u00edt\u00e1ssal foglalkoz\u00f3 v\u00e1llalkoz\u00f3i tanfolyamokat hamarabb el lehet v\u00e9gezni, \u00e9s egyes tant\u00e1rgyak al\u00f3l <a href=\"https:\/\/net.jogtar.hu\/jr\/gen\/hjegy_doc.cgi?docid=a1500176.kor\" target=\"_blank\">176\/2015. (VII. 7.) Korm. sz\u00e1m\u00fa rendelet<\/a> a 2. sz. Mell\u00e9klet el\u0151\u00edr\u00e1sai szerint felment\u00e9s k\u00e9rhet\u0151. A felment\u00e9s jogoss\u00e1g\u00e1t azonban a hallgat\u00f3nak megfelel\u0151 v\u00e9gzetts\u00e9get igazol\u00f3 bizony\u00edtv\u00e1nnyal kell bizony\u00edtania. A felment\u00e9sr\u0151l a k\u00e9pz\u00e9s\u00e9rt felel\u0151s vezet\u0151 d\u00f6nt.<\/p>\n<h3>Milyen plusz el\u0151ny\u00f6kkel j\u00e1r m\u00e9g a v\u00e1llalkoz\u00f3i k\u00e9pz\u00e9s?<\/h3>\n<p>A <a href=\"\/tanfolyamok#2-vallalkozoi-szaktanfolyamok\">v\u00e1llalkoz\u00f3i k\u00e9pz\u00e9sr\u0151l<\/a> kiadott bizony\u00edtv\u00e1nnyal rendelkez\u0151 fuvaroz\u00f3k nem csak saj\u00e1t v\u00e1llalkoz\u00e1s ind\u00edt\u00e1s\u00e1ban gondolkozhatnak. B\u00e1rmilyen szerz\u0151d\u00e9ssel igazolt munkaviszony alapj\u00e1n munk\u00e1t v\u00e1llalhatnak m\u00e1s fuvaroz\u00f3 c\u00e9gekn\u00e9l. A k\u00e9pes\u00edt\u00e9s mind saj\u00e1t v\u00e1llalkoz\u00e1s eset\u00e9ben, mind szerz\u0151d\u00f6tt munkaviszony eset\u00e9ben az \u00e1rufuvaroz\u00f3 \u00e9s buszos szem\u00e9lysz\u00e1ll\u00edt\u00f3 v\u00e1llalkoz\u00e1sok eset\u00e9ben belf\u00f6ld\u00f6n \u00e9s az EU ter\u00fclet\u00e9n k\u00fclf\u00f6ld\u00f6n egyar\u00e1nt jogos\u00edt tev\u00e9kenys\u00e9g v\u00e9gz\u00e9s\u00e9re. A szem\u00e9lyg\u00e9pkocsis szem\u00e9lysz\u00e1ll\u00edt\u00f3 v\u00e1llalkoz\u00f3i v\u00e9gzetts\u00e9g csak belf\u00f6ld\u00f6n \u00e9rv\u00e9nyes.<\/p>\n<!-- Begin Yuzo --><div class='yuzo_related_post style-2'  data-version='5.12.88'><!-- without result --><div class='yuzo_clearfixed yuzo__title yuzo__title'><h3>Hasonl\u00f3 cikkek<\/h3><\/div>\n\t\t\t\t\t\t<div class=\"relatedthumb yuzo-list  \" style=\"\"  >  \n\t\t\t\t\t\t  <a  href=\"https:\/\/www.transzportstudium.hu\/blog\/2015\/06\/23\/veszelyes-aru-szallitasi-biztonsagi-tanacsado-nagy-felelosseg-komoly-munkakor\/\" class=\"image-list\"  >\n\t\t\t\t\t\t  <div class=\"yuzo-img-wrap  ilen_shine \" style=\"width: 100px;height:65px;\">\n\t\t\t\t\t\t\t\t\t <span class='shine-effect'><\/span> \n\t\t\t\t\t\t\t\t\t <div class=\"yuzo-img\" style=\"background:url('https:\/\/www.transzportstudium.hu\/blog\/wp-content\/uploads\/2015\/06\/slide04-small-150x150.jpg') 50% 50% no-repeat;width: 105px;height:65px;margin-bottom: 5px;background-size:  cover;  \"><\/div>\n\t\t\t\t\t\t  <\/div>\n\t\t\t\t\t\t  <\/a>\n\t\t\t\t\t\t  <a  class=\"link-list yuzo__text--title\" href=\"https:\/\/www.transzportstudium.hu\/blog\/2015\/06\/23\/veszelyes-aru-szallitasi-biztonsagi-tanacsado-nagy-felelosseg-komoly-munkakor\/\" style=\"font-size:14px;;line-height:22px;\"> Vesz\u00e9lyes \u00e1ru sz\u00e1ll\u00edt\u00e1si biztons\u00e1gi tan\u00e1csad\u00f3: nag...  <\/a>\n\t\t\t\t\t\t\t\t<span class=\"yuzo_text\" style=\"font-size:10px;\" >A vesz\u00e9lyes \u00e1ru sz\u00e1ll\u00edt\u00e1si biztons\u00e1gi tan\u00e1csad\u00f3k megb\u00edz\u00e1s\u00e1val kapcsolatos jogszab\u00e1lyi el\u0151\u00edr\u00e1sok\r\nKor\u00e1bban m\u00e1r \u00edrtunk arr\u00f3l, hogy minden, vesz\u00e9lyes \u00e1ru...<\/span>\n\t\t\t\t\t\t   \n\t\t\t\t\t\t<\/div>\n\t\t\t\t\t\t<div class=\"relatedthumb yuzo-list  \" style=\"\"  >  \n\t\t\t\t\t\t  <a  href=\"https:\/\/www.transzportstudium.hu\/blog\/2016\/03\/03\/a-veszely-tortenete\/\" class=\"image-list\"  >\n\t\t\t\t\t\t  <div class=\"yuzo-img-wrap  ilen_shine \" style=\"width: 100px;height:65px;\">\n\t\t\t\t\t\t\t\t\t <span class='shine-effect'><\/span> \n\t\t\t\t\t\t\t\t\t <div class=\"yuzo-img\" style=\"background:url('https:\/\/www.transzportstudium.hu\/blog\/wp-content\/uploads\/2015\/12\/shutterstock_132413552-150x150.jpg') 50% 50% no-repeat;width: 105px;height:65px;margin-bottom: 5px;background-size:  cover;  \"><\/div>\n\t\t\t\t\t\t  <\/div>\n\t\t\t\t\t\t  <\/a>\n\t\t\t\t\t\t  <a  class=\"link-list yuzo__text--title\" href=\"https:\/\/www.transzportstudium.hu\/blog\/2016\/03\/03\/a-veszely-tortenete\/\" style=\"font-size:14px;;line-height:22px;\"> A vesz\u00e9ly t\u00f6rt\u00e9nete  <\/a>\n\t\t\t\t\t\t\t\t<span class=\"yuzo_text\" style=\"font-size:10px;\" >Mi\u00f3ta min\u0151s\u00fcl egy adott \u00e1ru vesz\u00e9lyesnek? Mi\u00f3ta szab\u00e1lyozz\u00e1k ezek sz\u00e1ll\u00edt\u00e1s\u00e1t \u00e9s egy\u00e1ltal\u00e1n mi\u00f3ta van sz\u00fcks\u00e9g ADR igazolv\u00e1nyra, ha speci\u00e1lis fuvaroz\u00e1s...<\/span>\n\t\t\t\t\t\t   \n\t\t\t\t\t\t<\/div>\n\t\t\t\t\t\t<div class=\"relatedthumb yuzo-list  \" style=\"\"  >  \n\t\t\t\t\t\t  <a  href=\"https:\/\/www.transzportstudium.hu\/blog\/2018\/01\/23\/barki-jelentkezhet-targoncavezetoi-tanfolyamra\/\" class=\"image-list\"  >\n\t\t\t\t\t\t  <div class=\"yuzo-img-wrap  ilen_shine \" style=\"width: 100px;height:65px;\">\n\t\t\t\t\t\t\t\t\t <span class='shine-effect'><\/span> \n\t\t\t\t\t\t\t\t\t <div class=\"yuzo-img\" style=\"background:url('https:\/\/www.transzportstudium.hu\/blog\/wp-content\/uploads\/2018\/01\/B\u00e1rki-jelentkezhet-targoncavezet\u0151i-tanfolyamra-150x150.jpg') 50% 50% no-repeat;width: 105px;height:65px;margin-bottom: 5px;background-size:  cover;  \"><\/div>\n\t\t\t\t\t\t  <\/div>\n\t\t\t\t\t\t  <\/a>\n\t\t\t\t\t\t  <a  class=\"link-list yuzo__text--title\" href=\"https:\/\/www.transzportstudium.hu\/blog\/2018\/01\/23\/barki-jelentkezhet-targoncavezetoi-tanfolyamra\/\" style=\"font-size:14px;;line-height:22px;\"> B\u00e1rki jelentkezhet targoncavezet\u0151i tanfolyamra?  <\/a>\n\t\t\t\t\t\t\t\t<span class=\"yuzo_text\" style=\"font-size:10px;\" >Sok rakt\u00e1rban dolgoz\u00f3 alkalmazott szemez a targoncavezet\u0151i \u00e1ll\u00e1sokkal, de a legt\u00f6bben nem jutnak el a megval\u00f3s\u00edt\u00e1sig. Pedig sokkal egyszer\u0171bb targonca...<\/span>\n\t\t\t\t\t\t   \n\t\t\t\t\t\t<\/div>\n\t\t\t\t\t\t<div class=\"relatedthumb yuzo-list  \" style=\"\"  >  \n\t\t\t\t\t\t  <a  href=\"https:\/\/www.transzportstudium.hu\/blog\/2018\/06\/21\/ketto-az-egyben\/\" class=\"image-list\"  >\n\t\t\t\t\t\t  <div class=\"yuzo-img-wrap  ilen_shine \" style=\"width: 100px;height:65px;\">\n\t\t\t\t\t\t\t\t\t <span class='shine-effect'><\/span> \n\t\t\t\t\t\t\t\t\t <div class=\"yuzo-img\" style=\"background:url('https:\/\/www.transzportstudium.hu\/blog\/wp-content\/uploads\/2018\/09\/Transport-35-150x150.jpg') 50% 50% no-repeat;width: 105px;height:65px;margin-bottom: 5px;background-size:  cover;  \"><\/div>\n\t\t\t\t\t\t  <\/div>\n\t\t\t\t\t\t  <\/a>\n\t\t\t\t\t\t  <a  class=\"link-list yuzo__text--title\" href=\"https:\/\/www.transzportstudium.hu\/blog\/2018\/06\/21\/ketto-az-egyben\/\" style=\"font-size:14px;;line-height:22px;\"> Kett\u0151 az egyben  <\/a>\n\t\t\t\t\t\t\t\t<span class=\"yuzo_text\" style=\"font-size:10px;\" >Ny\u00e1ron is t\u00f6bb GKI alapk\u00e9pz\u00e9s indul, k\u00f6zt\u00fck az \u00f6sszevont j\u00e1rm\u0171vezet\u0151i alapk\u00e9pz\u00e9s, melyet azoknak kell elv\u00e9gezni, akik k\u00f6z\u00faton C1, C1+E, C, C+E kateg\u00f3r...<\/span>\n\t\t\t\t\t\t   \n\t\t\t\t\t\t<\/div>\n<\/div>  <!-- End Yuzo :) -->","protected":false},"excerpt":{"rendered":"<p>Az internetes v\u00e1llalkoz\u00e1sok aranykor\u00e1ban, a DIY m\u00f3dszerek terjed\u00e9s\u00e9vel felmer\u00fclhet a k\u00e9rd\u00e9s, hogy mi sz\u00fcks\u00e9g van a k\u00f6z\u00fati fuvaroz\u00f3knak a v\u00e1llalkoz\u00f3i k\u00e9pz\u00e9sekre? Az \u00e1rufuvaroz\u00e1ssal, aut\u00f3buszos vagy szem\u00e9lykocsis sz\u00e1ll\u00edt\u00e1ssal foglalkoz\u00f3 v\u00e1llalkoz\u00f3knak \u00e9s a taxisoknak is korm\u00e1nyrendeletben&#46;&#46;&#46;<\/p>\n","protected":false},"author":3,"featured_media":1155,"comment_status":"open","ping_status":"open","sticky":false,"template":"","format":"standard","meta":{"footnotes":""},"categories":[4],"tags":[45,49,179],"class_list":["post-1152","post","type-post","status-publish","format-standard","has-post-thumbnail","hentry","category-vallalkozoi-vilag","tag-vallalkozoi-kepzes","tag-vallalkozoi-tanfolyam","tag-vallalkozoi-vizsga"],"aioseo_notices":[],"_links":{"self":[{"href":"https:\/\/www.transzportstudium.hu\/blog\/wp-json\/wp\/v2\/posts\/1152","targetHints":{"allow":["GET"]}}],"collection":[{"href":"https:\/\/www.transzportstudium.hu\/blog\/wp-json\/wp\/v2\/posts"}],"about":[{"href":"https:\/\/www.transzportstudium.hu\/blog\/wp-json\/wp\/v2\/types\/post"}],"author":[{"embeddable":true,"href":"https:\/\/www.transzportstudium.hu\/blog\/wp-json\/wp\/v2\/users\/3"}],"replies":[{"embeddable":true,"href":"https:\/\/www.transzportstudium.hu\/blog\/wp-json\/wp\/v2\/comments?post=1152"}],"version-history":[{"count":1,"href":"https:\/\/www.transzportstudium.hu\/blog\/wp-json\/wp\/v2\/posts\/1152\/revisions"}],"predecessor-version":[{"id":1156,"href":"https:\/\/www.transzportstudium.hu\/blog\/wp-json\/wp\/v2\/posts\/1152\/revisions\/1156"}],"wp:featuredmedia":[{"embeddable":true,"href":"https:\/\/www.transzportstudium.hu\/blog\/wp-json\/wp\/v2\/media\/1155"}],"wp:attachment":[{"href":"https:\/\/www.transzportstudium.hu\/blog\/wp-json\/wp\/v2\/media?parent=1152"}],"wp:term":[{"taxonomy":"category","embeddable":true,"href":"https:\/\/www.transzportstudium.hu\/blog\/wp-json\/wp\/v2\/categories?post=1152"},{"taxonomy":"post_tag","embeddable":true,"href":"https:\/\/www.transzportstudium.hu\/blog\/wp-json\/wp\/v2\/tags?post=1152"}],"curies":[{"name":"wp","href":"https:\/\/api.w.org\/{rel}","templated":true}]}}