{"id":1116,"date":"2016-07-05T08:01:55","date_gmt":"2016-07-05T07:01:55","guid":{"rendered":"https:\/\/www.transzportstudium.hu\/blog\/?p=1116"},"modified":"2018-03-04T12:05:50","modified_gmt":"2018-03-04T11:05:50","slug":"hagyj-fel-az-anyosulessel","status":"publish","type":"post","link":"https:\/\/www.transzportstudium.hu\/blog\/2016\/07\/05\/hagyj-fel-az-anyosulessel\/","title":{"rendered":"Hagyj fel az any\u00f3s\u00fcl\u00e9ssel!"},"content":{"rendered":"<p>Hov\u00e1 parancsolja? Val\u00f3sz\u00edn\u0171leg sokan hallott\u00e1k m\u00e1r ezt a mondat olvas\u00f3ink k\u00f6z\u00fcl, amikor siett\u00fckben bepattantak egy taxi any\u00f3s\u00fcl\u00e9s\u00e9re \u00e9s az is biztos, hogy sokkal kevesebben mondt\u00e1k. Ahhoz, hogy az any\u00f3s\u00fcl\u00e9sb\u0151l a korm\u00e1ny m\u00f6g\u00e9 \u00fclj\u00fcnk, \u00e9s mi tehess\u00fcnk fel olyan k\u00e9rd\u00e9seket, mint a \u201ehova tetszik?, hova lesz?, merre megy\u00fcnk asszonyom?\u201d \u00e9s t\u00e1rsai, nem is kell olyan sok minden, mint gondoln\u00e1nk, s\u0151t, kev\u00e9s ilyen k\u00f6nnyen megszerezhet\u0151 szakma van.<\/p>\n<div id=\"attachment_1118\" style=\"width: 610px\" class=\"wp-caption aligncenter\"><img loading=\"lazy\" decoding=\"async\" aria-describedby=\"caption-attachment-1118\" class=\"size-large wp-image-1118\" src=\"https:\/\/www.transzportstudium.hu\/blog\/wp-content\/uploads\/2016\/07\/diapo3-taxi_small-1024x683.jpg\" alt=\"Taxi vezet\u0151i enged\u00e9ly\" width=\"600\" height=\"400\" srcset=\"https:\/\/www.transzportstudium.hu\/blog\/wp-content\/uploads\/2016\/07\/diapo3-taxi_small.jpg 1024w, https:\/\/www.transzportstudium.hu\/blog\/wp-content\/uploads\/2016\/07\/diapo3-taxi_small-300x200.jpg 300w, https:\/\/www.transzportstudium.hu\/blog\/wp-content\/uploads\/2016\/07\/diapo3-taxi_small-768x512.jpg 768w\" sizes=\"auto, (max-width: 600px) 100vw, 600px\" \/><p id=\"caption-attachment-1118\" class=\"wp-caption-text\">Taxi vezet\u0151i enged\u00e9ly<\/p><\/div>\n<h3>Hogyan sz\u00fcletik a profi<\/h3>\n<p>A <a href=\"https:\/\/www.transzportstudium.hu\/tanfolyamok\/gepkocsivezetoi-szaktanfolyamok-gki-tanfolyam\/5_taxi-gepkocsivezeto-alapkepzes\">taxi vezet\u0151i enged\u00e9ly megszerz\u00e9s\u00e9nek<\/a> a felt\u00e9tele a minimum k\u00e9t \u00e9ve \u00e9rv\u00e9nyben l\u00e9v\u0151 \u201eB\u201d kateg\u00f3ri\u00e1j\u00fa vezet\u0151i enged\u00e9ly. Rossz h\u00edr, hogy a tanfolyamon val\u00f3 r\u00e9szv\u00e9tel k\u00f6telez\u0151, a j\u00f3 az, hogy h\u00e1rom napig tart. Bizony nem hetekben, h\u00f3napokban m\u00e9rend\u0151, hanem mind\u00f6ssze <strong>egy h\u00e9tv\u00e9g\u00e9t<\/strong>\u00a0kell \u00e1ldozni r\u00e1, hogy valaki amat\u0151rb\u0151l, profi jel\u00f6lt vezet\u0151v\u00e9 v\u00e1ljon. P\u00e9ntek &#8211; szombat &#8211; vas\u00e1rnap, naponta 09:00-t\u0151l 17:00 \u00f3r\u00e1ig zajlanak az oktat\u00e1saink, amit k\u00f6vet\u0151en kell majd letenni a hat\u00f3s\u00e1gi vizsg\u00e1t.\u00a0Ez\u00a0a hat\u00f3s\u00e1g \u00e1ltal kijel\u00f6lt id\u0151pontban t\u00f6rt\u00e9nik, a tant\u00e1rgyakr\u00f3l \u00e9s a <a href=\"https:\/\/www.transzportstudium.hu\/jelentkezesi-lap\/1_gepkocsivezetoi-szaktanfolyamok-gki-tanfolyam\">vizsga<\/a> r\u00e9szleteir\u0151l pedig b\u00e1rki t\u00e1j\u00e9koz\u00f3dhat honlapunkon.<\/p>\n<h3>Mi\u00e9rt ne?<\/h3>\n<p>T\u00e9ny, hogy a <a href=\"https:\/\/www.transzportstudium.hu\/tanfolyamok\/gepkocsivezetoi-szaktanfolyamok-gki-tanfolyam\/5_taxi-gepkocsivezeto-alapkepzes\">taxiz\u00e1s<\/a> kedvelt szakma, s\u0151t valahol furcsa, hogy nem \u0171zik t\u00f6bben, hiszen egyr\u00e9szt a fentiekb\u0151l kit\u0171nik, hogy a <a href=\"https:\/\/www.transzportstudium.hu\/tanfolyamok\/gepkocsivezetoi-szaktanfolyamok-gki-tanfolyam\/5_taxi-gepkocsivezeto-alapkepzes\">taxi vezet\u0151i enged\u00e9ly<\/a> megszerz\u00e9se nem olyan bonyolult dolog, m\u00e1sr\u00e9szt pedig a feln\u0151tt f\u00e9rfit\u00e1rsadalom jelent\u0151s r\u00e9sze szeret is vezetni. Mi\u00e9rt ne keresn\u00e9nk akkor, azzal a kenyer\u00fcket, amit \u00fagy is \u00e9lvez\u00fcnk? Ha szeret\u00fcnk csever\u00e9szni \u00e9s kedvelj\u00fck az embereket, akkor pedig gyakorlatilag r\u00e1nk szabt\u00e1k ezt a munk\u00e1t.<\/p>\n<h3>Milyen form\u00e1ban \u0171zhetj\u00fck<\/h3>\n<p>Miut\u00e1n sikeresen megt\u00f6rt\u00e9nt a <a href=\"https:\/\/www.transzportstudium.hu\/tanfolyamok\/gepkocsivezetoi-szaktanfolyamok-gki-tanfolyam\/5_taxi-gepkocsivezeto-alapkepzes\">taxi vezet\u0151i enged\u00e9ly<\/a> megszerz\u00e9se, k\u00e9tf\u00e9le k\u00e9pen \u0171zhetj\u00fck a taxiz\u00e1st: vagy valamely nagyobb taxi t\u00e1rsas\u00e1gn\u00e1l helyezked\u00fcnk el, vagy pedig mi magunk csin\u00e1ljuk v\u00e1llalkoz\u00f3k\u00e9nt. Mindegyiknek megvan az el\u0151nye \u00e9s a h\u00e1tr\u00e1nya, az el\u0151bbi biztos h\u00e1tteret k\u00edn\u00e1l, az ut\u00f3bbi pedig szabads\u00e1got, hogy min\u00e9l sikeresebbek lehess\u00fcnk, j\u00f3llehet ez m\u00e1r ink\u00e1bb a v\u00e1llalkoz\u00f3i, mintsem a helyismeret\u00fcnkr\u0151l vagy a g\u00e9pkocsivezet\u0151i tud\u00e1sunkr\u00f3l sz\u00f3l.<\/p>\n<p>Azt az\u00e9rt ki kell hangs\u00falyozni: ha v\u00e1llalkoz\u00f3k\u00e9nt akar c\u00e9get vezetni vagy egy\u00e9ni v\u00e1llalkoz\u00f3k\u00e9nt akar dolgozni, akkor a v\u00e1llalkoz\u00f3i v\u00e9gzetts\u00e9get sem \u00e1rt megszerezni!<\/p>\n<!-- Begin Yuzo --><div class='yuzo_related_post style-2'  data-version='5.12.88'><!-- without result --><div class='yuzo_clearfixed yuzo__title yuzo__title'><h3>Hasonl\u00f3 cikkek<\/h3><\/div>\n\t\t\t\t\t\t<div class=\"relatedthumb yuzo-list  \" style=\"\"  >  \n\t\t\t\t\t\t  <a  href=\"https:\/\/www.transzportstudium.hu\/blog\/2014\/10\/07\/a-gepkocsivezetok-pihenoidejenek-eu-s-szabalyzasa\/\" class=\"image-list\"  >\n\t\t\t\t\t\t  <div class=\"yuzo-img-wrap  ilen_shine \" style=\"width: 100px;height:65px;\">\n\t\t\t\t\t\t\t\t\t <span class='shine-effect'><\/span> \n\t\t\t\t\t\t\t\t\t <div class=\"yuzo-img\" style=\"background:url('https:\/\/www.transzportstudium.hu\/blog\/wp-content\/uploads\/2014\/10\/46823_lowres_04612-038-150x150.jpg') 50% 50% no-repeat;width: 105px;height:65px;margin-bottom: 5px;background-size:  cover;  \"><\/div>\n\t\t\t\t\t\t  <\/div>\n\t\t\t\t\t\t  <\/a>\n\t\t\t\t\t\t  <a  class=\"link-list yuzo__text--title\" href=\"https:\/\/www.transzportstudium.hu\/blog\/2014\/10\/07\/a-gepkocsivezetok-pihenoidejenek-eu-s-szabalyzasa\/\" style=\"font-size:14px;;line-height:22px;\"> A g\u00e9pkocsivezet\u0151k pihen\u0151idej\u00e9nek EU-s szab\u00e1lyz\u00e1sa...  <\/a>\n\t\t\t\t\t\t\t\t<span class=\"yuzo_text\" style=\"font-size:10px;\" >Az 561\/2006 EU rendelet \u00e9rtelm\u00e9ben 2007. \u00e1prilis 11-\u00e9t\u0151l jelent\u0151s v\u00e1ltoz\u00e1sok t\u00f6rt\u00e9ntek a k\u00f6z\u00fati szem\u00e9ly- \u00e9s \u00e1rusz\u00e1ll\u00edt\u00e1sban. A sof\u0151r\u00f6knek nemcsak GKI ...<\/span>\n\t\t\t\t\t\t   \n\t\t\t\t\t\t<\/div>\n\t\t\t\t\t\t<div class=\"relatedthumb yuzo-list  \" style=\"\"  >  \n\t\t\t\t\t\t  <a  href=\"https:\/\/www.transzportstudium.hu\/blog\/2019\/10\/15\/az-ismeretfelujito-gki-vizsgarol\/\" class=\"image-list\"  >\n\t\t\t\t\t\t  <div class=\"yuzo-img-wrap  ilen_shine \" style=\"width: 100px;height:65px;\">\n\t\t\t\t\t\t\t\t\t <span class='shine-effect'><\/span> \n\t\t\t\t\t\t\t\t\t <div class=\"yuzo-img\" style=\"background:url('https:\/\/www.transzportstudium.hu\/blog\/wp-content\/uploads\/2014\/08\/Truck-convoy-istockphoto1-150x150.jpg') 50% 50% no-repeat;width: 105px;height:65px;margin-bottom: 5px;background-size:  cover;  \"><\/div>\n\t\t\t\t\t\t  <\/div>\n\t\t\t\t\t\t  <\/a>\n\t\t\t\t\t\t  <a  class=\"link-list yuzo__text--title\" href=\"https:\/\/www.transzportstudium.hu\/blog\/2019\/10\/15\/az-ismeretfelujito-gki-vizsgarol\/\" style=\"font-size:14px;;line-height:22px;\"> Az ismeretfel\u00faj\u00edt\u00f3 GKI vizsg\u00e1r\u00f3l  <\/a>\n\t\t\t\t\t\t\t\t<span class=\"yuzo_text\" style=\"font-size:10px;\" >Mindenkinek GKI vizsg\u00e1t kell tennie, aki\u00a0 3,5 tonna \u00f6sszt\u00f6meg feletti teheraut\u00f3val \u00e1rusz\u00e1ll\u00edt\u00e1ssal, -fuvaroz\u00e1ssal valamint aut\u00f3busszal v\u00e9gzett szem\u00e9ly...<\/span>\n\t\t\t\t\t\t   \n\t\t\t\t\t\t<\/div>\n\t\t\t\t\t\t<div class=\"relatedthumb yuzo-list  \" style=\"\"  >  \n\t\t\t\t\t\t  <a  href=\"https:\/\/www.transzportstudium.hu\/blog\/2019\/01\/29\/a-siker-toretlen-a-kulcs-a-gepkezeloi-jogositvany\/\" class=\"image-list\"  >\n\t\t\t\t\t\t  <div class=\"yuzo-img-wrap  ilen_shine \" style=\"width: 100px;height:65px;\">\n\t\t\t\t\t\t\t\t\t <span class='shine-effect'><\/span> \n\t\t\t\t\t\t\t\t\t <div class=\"yuzo-img\" style=\"background:url('https:\/\/www.transzportstudium.hu\/blog\/wp-content\/uploads\/2015\/06\/FORKLIFT-TRAINING-150x150.jpg') 50% 50% no-repeat;width: 105px;height:65px;margin-bottom: 5px;background-size:  cover;  \"><\/div>\n\t\t\t\t\t\t  <\/div>\n\t\t\t\t\t\t  <\/a>\n\t\t\t\t\t\t  <a  class=\"link-list yuzo__text--title\" href=\"https:\/\/www.transzportstudium.hu\/blog\/2019\/01\/29\/a-siker-toretlen-a-kulcs-a-gepkezeloi-jogositvany\/\" style=\"font-size:14px;;line-height:22px;\"> A siker t\u00f6retlen! A kulcs a g\u00e9pkezel\u0151i jogos\u00edtv\u00e1ny...  <\/a>\n\t\t\t\t\t\t\t\t<span class=\"yuzo_text\" style=\"font-size:10px;\" >\"A sof\u0151r\u00f6knek \u00e9s a g\u00e9pkezel\u0151knek hozta a legnagyobb emel\u00e9st az \u00e9v.\" - Der\u00fcl ki a Profession.hu 2018-as \u00e9v munkaer\u0151-piaci helyzet\u00e9t elemz\u0151 cikk\u00e9b\u0151l. \u00c9r...<\/span>\n\t\t\t\t\t\t   \n\t\t\t\t\t\t<\/div>\n\t\t\t\t\t\t<div class=\"relatedthumb yuzo-list  \" style=\"\"  >  \n\t\t\t\t\t\t  <a  href=\"https:\/\/www.transzportstudium.hu\/blog\/2019\/04\/30\/utmutato-kezdo-taxisoknak\/\" class=\"image-list\"  >\n\t\t\t\t\t\t  <div class=\"yuzo-img-wrap  ilen_shine \" style=\"width: 100px;height:65px;\">\n\t\t\t\t\t\t\t\t\t <span class='shine-effect'><\/span> \n\t\t\t\t\t\t\t\t\t <div class=\"yuzo-img\" style=\"background:url('https:\/\/www.transzportstudium.hu\/blog\/wp-content\/uploads\/2018\/12\/n-TAXI-628x314-150x150.jpg') 50% 50% no-repeat;width: 105px;height:65px;margin-bottom: 5px;background-size:  cover;  \"><\/div>\n\t\t\t\t\t\t  <\/div>\n\t\t\t\t\t\t  <\/a>\n\t\t\t\t\t\t  <a  class=\"link-list yuzo__text--title\" href=\"https:\/\/www.transzportstudium.hu\/blog\/2019\/04\/30\/utmutato-kezdo-taxisoknak\/\" style=\"font-size:14px;;line-height:22px;\"> \u00datmutat\u00f3 kezd\u0151 taxisoknak  <\/a>\n\t\t\t\t\t\t\t\t<span class=\"yuzo_text\" style=\"font-size:10px;\" >Azt mondj\u00e1k minden kezdet neh\u00e9z, a taxiz\u00e1s eset\u00e9ben ez a taxis vizsga ut\u00e1ni id\u0151szakra \u00e9rv\u00e9nyes, hiszen hi\u00e1ba van valakinek a kez\u00e9ben a hat\u00f3s\u00e1gi igazol...<\/span>\n\t\t\t\t\t\t   \n\t\t\t\t\t\t<\/div>\n<\/div>  <!-- End Yuzo :) -->","protected":false},"excerpt":{"rendered":"<p>Hov\u00e1 parancsolja? Val\u00f3sz\u00edn\u0171leg sokan hallott\u00e1k m\u00e1r ezt a mondat olvas\u00f3ink k\u00f6z\u00fcl, amikor siett\u00fckben bepattantak egy taxi any\u00f3s\u00fcl\u00e9s\u00e9re \u00e9s az is biztos, hogy sokkal kevesebben mondt\u00e1k. Ahhoz, hogy az any\u00f3s\u00fcl\u00e9sb\u0151l a korm\u00e1ny m\u00f6g\u00e9 \u00fclj\u00fcnk, \u00e9s&#46;&#46;&#46;<\/p>\n","protected":false},"author":3,"featured_media":1118,"comment_status":"open","ping_status":"open","sticky":false,"template":"","format":"standard","meta":{"footnotes":""},"categories":[3,235],"tags":[106,105,193,94,192,229],"class_list":["post-1116","post","type-post","status-publish","format-standard","has-post-thumbnail","hentry","category-gki","category-szemelygepkocsis-tanfolyamok","tag-taxi","tag-taxi-gepkocsivezeto","tag-taxis-tanfolyam","tag-taxis-vallalkozo","tag-taxis-vizsga","tag-taxivezetoi-engedely"],"aioseo_notices":[],"_links":{"self":[{"href":"https:\/\/www.transzportstudium.hu\/blog\/wp-json\/wp\/v2\/posts\/1116","targetHints":{"allow":["GET"]}}],"collection":[{"href":"https:\/\/www.transzportstudium.hu\/blog\/wp-json\/wp\/v2\/posts"}],"about":[{"href":"https:\/\/www.transzportstudium.hu\/blog\/wp-json\/wp\/v2\/types\/post"}],"author":[{"embeddable":true,"href":"https:\/\/www.transzportstudium.hu\/blog\/wp-json\/wp\/v2\/users\/3"}],"replies":[{"embeddable":true,"href":"https:\/\/www.transzportstudium.hu\/blog\/wp-json\/wp\/v2\/comments?post=1116"}],"version-history":[{"count":2,"href":"https:\/\/www.transzportstudium.hu\/blog\/wp-json\/wp\/v2\/posts\/1116\/revisions"}],"predecessor-version":[{"id":1126,"href":"https:\/\/www.transzportstudium.hu\/blog\/wp-json\/wp\/v2\/posts\/1116\/revisions\/1126"}],"wp:featuredmedia":[{"embeddable":true,"href":"https:\/\/www.transzportstudium.hu\/blog\/wp-json\/wp\/v2\/media\/1118"}],"wp:attachment":[{"href":"https:\/\/www.transzportstudium.hu\/blog\/wp-json\/wp\/v2\/media?parent=1116"}],"wp:term":[{"taxonomy":"category","embeddable":true,"href":"https:\/\/www.transzportstudium.hu\/blog\/wp-json\/wp\/v2\/categories?post=1116"},{"taxonomy":"post_tag","embeddable":true,"href":"https:\/\/www.transzportstudium.hu\/blog\/wp-json\/wp\/v2\/tags?post=1116"}],"curies":[{"name":"wp","href":"https:\/\/api.w.org\/{rel}","templated":true}]}}