{"id":1055,"date":"2016-06-21T08:46:37","date_gmt":"2016-06-21T07:46:37","guid":{"rendered":"https:\/\/www.transzportstudium.hu\/blog\/?p=1055"},"modified":"2018-03-04T12:03:04","modified_gmt":"2018-03-04T11:03:04","slug":"a-taxivezetoi-engedely-megszerzese","status":"publish","type":"post","link":"https:\/\/www.transzportstudium.hu\/blog\/2016\/06\/21\/a-taxivezetoi-engedely-megszerzese\/","title":{"rendered":"A  taxivezet\u0151i enged\u00e9ly megszerz\u00e9se"},"content":{"rendered":"<p>A taxivezet\u0151i enged\u00e9ly megszerz\u00e9se t\u00f6bb szempontb\u00f3l is el\u0151ny\u00f6s lehet. Egyr\u00e9szt, mert \u00edgy olyan k\u00e9pes\u00edt\u00e9shez jut, amivel b\u00e1rmikor elhelyezkedhet \u2013 p\u00e9ld\u00e1ul akkor is, ha \u00e9ppen k\u00e9t munkahely k\u00f6z\u00f6tt van, de akkor is, ha csup\u00e1n m\u00e1sod\u00e1ll\u00e1st keres.<\/p>\n<h3>A taxivezet\u0151i enged\u00e9ly megszerz\u00e9s\u00e9hez sz\u00fcks\u00e9ges felt\u00e9telek<\/h3>\n<p>A taxivezet\u0151i enged\u00e9ly megszerz\u00e9se nem k\u00edv\u00e1n komoly el\u0151felt\u00e9teleket. Azoknak, akik <a href=\"https:\/\/www.transzportstudium.hu\/tanfolyamok\/gepkocsivezetoi-szaktanfolyamok-gki-tanfolyam\/5_taxi-gepkocsivezeto-alapkepzes\">tanfolyamainkra<\/a> szeretn\u00e9nek jelentkezni, csup\u00e1n h\u00e1rom felt\u00e9telnek kell megfelelni\u00fck. Az els\u0151, hogy rendelkezni\u00fck kell B kateg\u00f3ri\u00e1j\u00fa jogos\u00edtv\u00e1nnyal, m\u00e9gpedig legal\u00e1bb k\u00e9t \u00e9ve \u2013 ez a m\u00e1sodik krit\u00e9rium \u2013, illetve a bet\u00f6lt\u00f6tt 21. \u00e9let\u00e9v is szerepel a szempontok k\u00f6z\u00f6tt.<\/p>\n<div id=\"attachment_1057\" style=\"width: 610px\" class=\"wp-caption aligncenter\"><img loading=\"lazy\" decoding=\"async\" aria-describedby=\"caption-attachment-1057\" class=\"size-large wp-image-1057\" src=\"https:\/\/www.transzportstudium.hu\/blog\/wp-content\/uploads\/2016\/06\/6492790_l-1024x680.jpg\" alt=\"A taxivezet\u0151i enged\u00e9ly megszerz\u00e9se\" width=\"600\" height=\"398\" srcset=\"https:\/\/www.transzportstudium.hu\/blog\/wp-content\/uploads\/2016\/06\/6492790_l-1024x680.jpg 1024w, https:\/\/www.transzportstudium.hu\/blog\/wp-content\/uploads\/2016\/06\/6492790_l-300x199.jpg 300w, https:\/\/www.transzportstudium.hu\/blog\/wp-content\/uploads\/2016\/06\/6492790_l-768x510.jpg 768w\" sizes=\"auto, (max-width: 600px) 100vw, 600px\" \/><p id=\"caption-attachment-1057\" class=\"wp-caption-text\">A taxivezet\u0151i enged\u00e9ly megszerz\u00e9se<\/p><\/div>\n<p>Akik a fenti elv\u00e1r\u00e1soknak megfelelnek, azoknak a taxivezet\u0151i enged\u00e9ly megszerz\u00e9se c\u00e9lj\u00e1b\u00f3l taxi g\u00e9pkocsivezet\u0151 alapk\u00e9pz\u00e9sen kell r\u00e9szt venni\u00fck, m\u00edg azoknak, akik rendelkeznek szem\u00e9lyg\u00e9pkocsis szem\u00e9lysz\u00e1ll\u00edt\u00f3 alapk\u00e9pes\u00edt\u00e9ssel, el\u00e9g a kieg\u00e9sz\u00edt\u0151 k\u00e9pz\u00e9st elv\u00e9gezni\u00fck.<\/p>\n<h3>Mennyi id\u0151 alatt lehets\u00e9ges a taxivezet\u0151i enged\u00e9ly megszerz\u00e9se?<\/h3>\n<p>A <a href=\"https:\/\/www.transzportstudium.hu\/tanfolyamok\/gepkocsivezetoi-szaktanfolyamok-gki-tanfolyam\/5_taxi-gepkocsivezeto-alapkepzes\">taxivezet\u0151i enged\u00e9ly megszerz\u00e9se<\/a> egy h\u00e1romnapos <a href=\"https:\/\/www.transzportstudium.hu\/tanfolyamok\/gepkocsivezetoi-szaktanfolyamok-gki-tanfolyam\/5_taxi-gepkocsivezeto-alapkepzes\">tanfolyam<\/a> keret\u00e9ben t\u00f6rt\u00e9nik. A k\u00e9pz\u00e9s a h\u00e9t utols\u00f3 h\u00e1rom napj\u00e1n zajlik \u2013 p\u00e9ntek, szombat, vas\u00e1rnap \u2013, amit hat\u00f3s\u00e1gi vizsga z\u00e1r. A tanfolyamon val\u00f3 r\u00e9szv\u00e9tel mindenki sz\u00e1m\u00e1ra k\u00f6telez\u0151, \u00e9s tant\u00e1rgyi felment\u00e9st sem biztos\u00edt a jogszab\u00e1ly.<\/p>\n<p>Mindezzel egy\u00fctt a taxivezet\u0151i enged\u00e9ly megszerz\u00e9se viszonylag gyorsan megy, \u00e9s a hat\u00f3s\u00e1gi bizony\u00edtv\u00e1ny birtok\u00e1ban m\u00e1ris aut\u00f3ba \u00fclhet, \u00e9s mint taxisof\u0151r r\u00f3hatja az utc\u00e1kat egy c\u00e9g alkalmazottjak\u00e9nt. <a href=\"https:\/\/www.transzportstudium.hu\/jelentkezesi-lap\/1_gepkocsivezetoi-szaktanfolyamok-gki-tanfolyam\">Jelentkezzen<\/a> m\u00e9g ma tanfolyamunkra!<\/p>\n<!-- Begin Yuzo --><div class='yuzo_related_post style-2'  data-version='5.12.88'><!-- without result --><div class='yuzo_clearfixed yuzo__title yuzo__title'><h3>Hasonl\u00f3 cikkek<\/h3><\/div>\n\t\t\t\t\t\t<div class=\"relatedthumb yuzo-list  \" style=\"\"  >  \n\t\t\t\t\t\t  <a  href=\"https:\/\/www.transzportstudium.hu\/blog\/2018\/03\/06\/taxisok-es-szemelygepkocsis-szemelyszallitok-figyelem-uj-hatarido\/\" class=\"image-list\"  >\n\t\t\t\t\t\t  <div class=\"yuzo-img-wrap  ilen_shine \" style=\"width: 100px;height:65px;\">\n\t\t\t\t\t\t\t\t\t <span class='shine-effect'><\/span> \n\t\t\t\t\t\t\t\t\t <div class=\"yuzo-img\" style=\"background:url('https:\/\/www.transzportstudium.hu\/blog\/wp-content\/uploads\/2018\/03\/Transport_06-150x150.jpg') 50% 50% no-repeat;width: 105px;height:65px;margin-bottom: 5px;background-size:  cover;  \"><\/div>\n\t\t\t\t\t\t  <\/div>\n\t\t\t\t\t\t  <\/a>\n\t\t\t\t\t\t  <a  class=\"link-list yuzo__text--title\" href=\"https:\/\/www.transzportstudium.hu\/blog\/2018\/03\/06\/taxisok-es-szemelygepkocsis-szemelyszallitok-figyelem-uj-hatarido\/\" style=\"font-size:14px;;line-height:22px;\"> Taxisok \u00e9s szem\u00e9lyg\u00e9pkocsis szem\u00e9lysz\u00e1ll\u00edt\u00f3k figye...  <\/a>\n\t\t\t\t\t\t\t\t<span class=\"yuzo_text\" style=\"font-size:10px;\" >A szem\u00e9lyg\u00e9pkocsival d\u00edj ellen\u00e9ben v\u00e9gzett k\u00f6z\u00fati szem\u00e9lysz\u00e1ll\u00edt\u00e1sr\u00f3l sz\u00f3l\u00f3 176\/2015. (VII. 7.) Korm. rendelet 2018. janu\u00e1r 1-j\u00e9vel meghosszabb\u00edtotta ...<\/span>\n\t\t\t\t\t\t   \n\t\t\t\t\t\t<\/div>\n\t\t\t\t\t\t<div class=\"relatedthumb yuzo-list  \" style=\"\"  >  \n\t\t\t\t\t\t  <a  href=\"https:\/\/www.transzportstudium.hu\/blog\/2019\/10\/01\/kulcsszo-a-biztonsag\/\" class=\"image-list\"  >\n\t\t\t\t\t\t  <div class=\"yuzo-img-wrap  ilen_shine \" style=\"width: 100px;height:65px;\">\n\t\t\t\t\t\t\t\t\t <span class='shine-effect'><\/span> \n\t\t\t\t\t\t\t\t\t <div class=\"yuzo-img\" style=\"background:url('https:\/\/www.transzportstudium.hu\/blog\/wp-content\/uploads\/2019\/10\/Kulcssz\u00f3-a-biztons\u00e1g-150x150.jpg') 50% 50% no-repeat;width: 105px;height:65px;margin-bottom: 5px;background-size:  cover;  \"><\/div>\n\t\t\t\t\t\t  <\/div>\n\t\t\t\t\t\t  <\/a>\n\t\t\t\t\t\t  <a  class=\"link-list yuzo__text--title\" href=\"https:\/\/www.transzportstudium.hu\/blog\/2019\/10\/01\/kulcsszo-a-biztonsag\/\" style=\"font-size:14px;;line-height:22px;\"> Kulcssz\u00f3 a biztons\u00e1g  <\/a>\n\t\t\t\t\t\t\t\t<span class=\"yuzo_text\" style=\"font-size:10px;\" >Tal\u00e1n senkinek nem \u00e1rulunk el nagy titkot azzal, hogy a targoncavezet\u0151 feladata az \u00e1ruk mozgat\u00e1sa, ki-be \u00e9s fel-le pakol\u00e1sa, \u00edgy \u00e9rthet\u0151, hogy a targo...<\/span>\n\t\t\t\t\t\t   \n\t\t\t\t\t\t<\/div>\n\t\t\t\t\t\t<div class=\"relatedthumb yuzo-list  \" style=\"\"  >  \n\t\t\t\t\t\t  <a  href=\"https:\/\/www.transzportstudium.hu\/blog\/2019\/02\/21\/kotelezo-az-adr-vizsga\/\" class=\"image-list\"  >\n\t\t\t\t\t\t  <div class=\"yuzo-img-wrap  ilen_shine \" style=\"width: 100px;height:65px;\">\n\t\t\t\t\t\t\t\t\t <span class='shine-effect'><\/span> \n\t\t\t\t\t\t\t\t\t <div class=\"yuzo-img\" style=\"background:url('https:\/\/www.transzportstudium.hu\/blog\/wp-content\/uploads\/2019\/02\/Dangerous-goods-hazard-labels-150x150.jpg') 50% 50% no-repeat;width: 105px;height:65px;margin-bottom: 5px;background-size:  cover;  \"><\/div>\n\t\t\t\t\t\t  <\/div>\n\t\t\t\t\t\t  <\/a>\n\t\t\t\t\t\t  <a  class=\"link-list yuzo__text--title\" href=\"https:\/\/www.transzportstudium.hu\/blog\/2019\/02\/21\/kotelezo-az-adr-vizsga\/\" style=\"font-size:14px;;line-height:22px;\"> K\u00f6telez\u0151 az ADR vizsga  <\/a>\n\t\t\t\t\t\t\t\t<span class=\"yuzo_text\" style=\"font-size:10px;\" >Magyarorsz\u00e1gon t\u00f6rv\u00e9nyek \u00e9s jogszab\u00e1lyok \u00edrj\u00e1k el\u0151 a vesz\u00e9lyes \u00e1ru sz\u00e1ll\u00edt\u00e1s\u00e1nak k\u00f6r\u00fclm\u00e9nyeit, \u00e9s ahogy az tudvalev\u0151 vesz\u00e9lyes \u00e1ru sz\u00e1ll\u00edt\u00e1s\u00e1val csak ...<\/span>\n\t\t\t\t\t\t   \n\t\t\t\t\t\t<\/div>\n\t\t\t\t\t\t<div class=\"relatedthumb yuzo-list  \" style=\"\"  >  \n\t\t\t\t\t\t  <a  href=\"https:\/\/www.transzportstudium.hu\/blog\/2015\/11\/05\/mit-vezethetek\/\" class=\"image-list\"  >\n\t\t\t\t\t\t  <div class=\"yuzo-img-wrap  ilen_shine \" style=\"width: 100px;height:65px;\">\n\t\t\t\t\t\t\t\t\t <span class='shine-effect'><\/span> \n\t\t\t\t\t\t\t\t\t <div class=\"yuzo-img\" style=\"background:url('https:\/\/www.transzportstudium.hu\/blog\/wp-content\/uploads\/2015\/11\/shutterstock_234658489-150x150.jpg') 50% 50% no-repeat;width: 105px;height:65px;margin-bottom: 5px;background-size:  cover;  \"><\/div>\n\t\t\t\t\t\t  <\/div>\n\t\t\t\t\t\t  <\/a>\n\t\t\t\t\t\t  <a  class=\"link-list yuzo__text--title\" href=\"https:\/\/www.transzportstudium.hu\/blog\/2015\/11\/05\/mit-vezethetek\/\" style=\"font-size:14px;;line-height:22px;\"> Mit vezethetek?  <\/a>\n\t\t\t\t\t\t\t\t<span class=\"yuzo_text\" style=\"font-size:10px;\" >A targonc\u00e1knak t\u00f6bb v\u00e1ltozata ismert, egyik ezek k\u00f6z\u00fcl a vezet\u0151\u00fcl\u00e9ses targonca, de ezen bel\u00fcl is t\u00f6bb alkateg\u00f3ria l\u00e9tezik. A legfontosabb ide sorolhat...<\/span>\n\t\t\t\t\t\t   \n\t\t\t\t\t\t<\/div>\n<\/div>  <!-- End Yuzo :) -->","protected":false},"excerpt":{"rendered":"<p>A taxivezet\u0151i enged\u00e9ly megszerz\u00e9se t\u00f6bb szempontb\u00f3l is el\u0151ny\u00f6s lehet. Egyr\u00e9szt, mert \u00edgy olyan k\u00e9pes\u00edt\u00e9shez jut, amivel b\u00e1rmikor elhelyezkedhet \u2013 p\u00e9ld\u00e1ul akkor is, ha \u00e9ppen k\u00e9t munkahely k\u00f6z\u00f6tt van, de akkor is, ha csup\u00e1n m\u00e1sod\u00e1ll\u00e1st&#46;&#46;&#46;<\/p>\n","protected":false},"author":3,"featured_media":1057,"comment_status":"open","ping_status":"open","sticky":false,"template":"","format":"standard","meta":{"footnotes":""},"categories":[3,235],"tags":[],"class_list":["post-1055","post","type-post","status-publish","format-standard","has-post-thumbnail","hentry","category-gki","category-szemelygepkocsis-tanfolyamok"],"aioseo_notices":[],"_links":{"self":[{"href":"https:\/\/www.transzportstudium.hu\/blog\/wp-json\/wp\/v2\/posts\/1055","targetHints":{"allow":["GET"]}}],"collection":[{"href":"https:\/\/www.transzportstudium.hu\/blog\/wp-json\/wp\/v2\/posts"}],"about":[{"href":"https:\/\/www.transzportstudium.hu\/blog\/wp-json\/wp\/v2\/types\/post"}],"author":[{"embeddable":true,"href":"https:\/\/www.transzportstudium.hu\/blog\/wp-json\/wp\/v2\/users\/3"}],"replies":[{"embeddable":true,"href":"https:\/\/www.transzportstudium.hu\/blog\/wp-json\/wp\/v2\/comments?post=1055"}],"version-history":[{"count":2,"href":"https:\/\/www.transzportstudium.hu\/blog\/wp-json\/wp\/v2\/posts\/1055\/revisions"}],"predecessor-version":[{"id":1102,"href":"https:\/\/www.transzportstudium.hu\/blog\/wp-json\/wp\/v2\/posts\/1055\/revisions\/1102"}],"wp:featuredmedia":[{"embeddable":true,"href":"https:\/\/www.transzportstudium.hu\/blog\/wp-json\/wp\/v2\/media\/1057"}],"wp:attachment":[{"href":"https:\/\/www.transzportstudium.hu\/blog\/wp-json\/wp\/v2\/media?parent=1055"}],"wp:term":[{"taxonomy":"category","embeddable":true,"href":"https:\/\/www.transzportstudium.hu\/blog\/wp-json\/wp\/v2\/categories?post=1055"},{"taxonomy":"post_tag","embeddable":true,"href":"https:\/\/www.transzportstudium.hu\/blog\/wp-json\/wp\/v2\/tags?post=1055"}],"curies":[{"name":"wp","href":"https:\/\/api.w.org\/{rel}","templated":true}]}}